{"id":60653,"date":"2026-04-16T06:02:35","date_gmt":"2026-04-16T09:02:35","guid":{"rendered":"http:\/\/masquenoticiastucuman.com.ar\/?p=60653"},"modified":"2026-04-16T06:02:35","modified_gmt":"2026-04-16T09:02:35","slug":"risa-y-la-cabina-del-viento-tiene-todo-a-cazzu-a-diego-peretti-y-fantasia-para-ser-una-pelicula-poetica","status":"publish","type":"post","link":"https:\/\/masquenoticiastucuman.com.ar\/?p=60653","title":{"rendered":"Risa y la cabina del viento tiene todo: a Cazzu, a Diego Peretti y fantas\u00eda para ser una pel\u00edcula po\u00e9tica"},"content":{"rendered":"<ul>\n<li>Rodada en Ushuaia, es el debut de la cantante y rapera en el cine.<\/li>\n<li>Es la madre de la ni\u00f1a protagonista, que desea comunicarse con su padre muerto.<\/li>\n<\/ul>\n<p>\u200bRodada en Ushuaia, es el debut de la cantante y rapera en el cine.Es la madre de la ni\u00f1a protagonista, que desea comunicarse con su padre muerto.\u00a0<a href=\"https:\/\/www.clarin.com\/espectaculos\/risa-cabina-viento-cazzu-diego-peretti-fantasia-pelicula-poetica_0_BwpUYsS1u3.html\" target=\"_blank\" class=\"feedzy-rss-link-icon\">Read More<\/a><\/p>","protected":false},"excerpt":{"rendered":"<p>Rodada en Ushuaia, es el debut de la cantante y rapera en el cine. Es&#8230;<\/p>\n","protected":false},"author":1,"featured_media":0,"comment_status":"open","ping_status":"open","sticky":false,"template":"","format":"standard","meta":{"footnotes":""},"categories":[5],"tags":[],"class_list":["post-60653","post","type-post","status-publish","format-standard","has-post-thumbnail","hentry","category-espectaculo"],"_links":{"self":[{"href":"https:\/\/masquenoticiastucuman.com.ar\/index.php?rest_route=\/wp\/v2\/posts\/60653","targetHints":{"allow":["GET"]}}],"collection":[{"href":"https:\/\/masquenoticiastucuman.com.ar\/index.php?rest_route=\/wp\/v2\/posts"}],"about":[{"href":"https:\/\/masquenoticiastucuman.com.ar\/index.php?rest_route=\/wp\/v2\/types\/post"}],"author":[{"embeddable":true,"href":"https:\/\/masquenoticiastucuman.com.ar\/index.php?rest_route=\/wp\/v2\/users\/1"}],"replies":[{"embeddable":true,"href":"https:\/\/masquenoticiastucuman.com.ar\/index.php?rest_route=%2Fwp%2Fv2%2Fcomments&post=60653"}],"version-history":[{"count":0,"href":"https:\/\/masquenoticiastucuman.com.ar\/index.php?rest_route=\/wp\/v2\/posts\/60653\/revisions"}],"wp:attachment":[{"href":"https:\/\/masquenoticiastucuman.com.ar\/index.php?rest_route=%2Fwp%2Fv2%2Fmedia&parent=60653"}],"wp:term":[{"taxonomy":"category","embeddable":true,"href":"https:\/\/masquenoticiastucuman.com.ar\/index.php?rest_route=%2Fwp%2Fv2%2Fcategories&post=60653"},{"taxonomy":"post_tag","embeddable":true,"href":"https:\/\/masquenoticiastucuman.com.ar\/index.php?rest_route=%2Fwp%2Fv2%2Ftags&post=60653"}],"curies":[{"name":"wp","href":"https:\/\/api.w.org\/{rel}","templated":true}]}}