{"id":60658,"date":"2026-04-16T06:00:38","date_gmt":"2026-04-16T09:00:38","guid":{"rendered":"http:\/\/masquenoticiastucuman.com.ar\/?p=60658"},"modified":"2026-04-16T06:00:38","modified_gmt":"2026-04-16T09:00:38","slug":"en-el-nombre-del-padre-assmann-en-surf-spajic-en-basquet-y-wilhelm-en-futsal-los-hijos-de-que-hacen-historia-en-los-suramericanos-de-la-juventud-panama-2026","status":"publish","type":"post","link":"https:\/\/masquenoticiastucuman.com.ar\/?p=60658","title":{"rendered":"En el nombre del padre: Assmann en surf, Spajic en b\u00e1squet y Wilhelm en futsal, los &#8220;hijos de&#8221; que hacen historia en los Suramericanos de la Juventud Panam\u00e1 2026"},"content":{"rendered":"<ul>\n<li>Clar\u00edn habl\u00f3 con tres descendientes de deportistas que marcaron \u00e9poca en el deporte argentino.<\/li>\n<li>Isabella, hija mayor de la pareja del ex arquero Fabi\u00e1n Assmann y la conductora Melina Pitra, va por la medalla dorada en bodyboard.<\/li>\n<li>Carola Wilhelm es la capitana de la Sub 17 de futsal que asegur\u00f3 medalla y Pedro Spajic espera para debutar en el b\u00e1squet 3&#215;3.<\/li>\n<\/ul>\n<p>\u200bClar\u00edn habl\u00f3 con tres descendientes de deportistas que marcaron \u00e9poca en el deporte argentino.Isabella, hija mayor de la pareja del ex arquero Fabi\u00e1n Assmann y la conductora Melina Pitra, va por la medalla dorada en bodyboard.Carola Wilhelm es la capitana de la Sub 17 de futsal que asegur\u00f3 medalla y Pedro Spajic espera para debutar en el b\u00e1squet 3&#215;3.\u00a0<a href=\"https:\/\/www.clarin.com\/deportes\/nombre-padre-assmann-surf-spajic-basquet-wilhelm-futsal-hijos-hacen-historia-suramericanos-juventud-panama-2026_0_jlE36TQCtm.html\" target=\"_blank\" class=\"feedzy-rss-link-icon\">Read More<\/a><\/p>","protected":false},"excerpt":{"rendered":"<p>Clar\u00edn habl\u00f3 con tres descendientes de deportistas que marcaron \u00e9poca en el deporte argentino. Isabella,&#8230;<\/p>\n","protected":false},"author":1,"featured_media":0,"comment_status":"open","ping_status":"open","sticky":false,"template":"","format":"standard","meta":{"footnotes":""},"categories":[6],"tags":[],"class_list":["post-60658","post","type-post","status-publish","format-standard","has-post-thumbnail","hentry","category-deportes"],"_links":{"self":[{"href":"https:\/\/masquenoticiastucuman.com.ar\/index.php?rest_route=\/wp\/v2\/posts\/60658","targetHints":{"allow":["GET"]}}],"collection":[{"href":"https:\/\/masquenoticiastucuman.com.ar\/index.php?rest_route=\/wp\/v2\/posts"}],"about":[{"href":"https:\/\/masquenoticiastucuman.com.ar\/index.php?rest_route=\/wp\/v2\/types\/post"}],"author":[{"embeddable":true,"href":"https:\/\/masquenoticiastucuman.com.ar\/index.php?rest_route=\/wp\/v2\/users\/1"}],"replies":[{"embeddable":true,"href":"https:\/\/masquenoticiastucuman.com.ar\/index.php?rest_route=%2Fwp%2Fv2%2Fcomments&post=60658"}],"version-history":[{"count":0,"href":"https:\/\/masquenoticiastucuman.com.ar\/index.php?rest_route=\/wp\/v2\/posts\/60658\/revisions"}],"wp:attachment":[{"href":"https:\/\/masquenoticiastucuman.com.ar\/index.php?rest_route=%2Fwp%2Fv2%2Fmedia&parent=60658"}],"wp:term":[{"taxonomy":"category","embeddable":true,"href":"https:\/\/masquenoticiastucuman.com.ar\/index.php?rest_route=%2Fwp%2Fv2%2Fcategories&post=60658"},{"taxonomy":"post_tag","embeddable":true,"href":"https:\/\/masquenoticiastucuman.com.ar\/index.php?rest_route=%2Fwp%2Fv2%2Ftags&post=60658"}],"curies":[{"name":"wp","href":"https:\/\/api.w.org\/{rel}","templated":true}]}}