{"id":60698,"date":"2026-04-16T18:42:06","date_gmt":"2026-04-16T21:42:06","guid":{"rendered":"http:\/\/masquenoticiastucuman.com.ar\/?p=60698"},"modified":"2026-04-16T18:42:06","modified_gmt":"2026-04-16T21:42:06","slug":"fin-a-los-mapas-mercator-un-pais-africano-pide-a-naciones-unidas-que-adopte-un-nuevo-criterio-para-su-cartografia-y-muestre-el-tamano-real-del-continente","status":"publish","type":"post","link":"https:\/\/masquenoticiastucuman.com.ar\/?p=60698","title":{"rendered":"\u00bfFin a los mapas Mercator? Un pa\u00eds africano pide a Naciones Unidas que adopte un nuevo criterio para su cartograf\u00eda y muestre el tama\u00f1o real del continente"},"content":{"rendered":"<ul>\n<li>El canciller de Togo, Robert Dussey, lleva adelante la campa\u00f1a &#8220;Corregir el mapa&#8221; que tambi\u00e9n cuenta con el respaldo de la Uni\u00f3n Africana. <\/li>\n<li>La iniciativa busca que se reemplace la proyecci\u00f3n Mercator, que data del siglo XVI, y se adopte una proyecci\u00f3n cartogr\u00e1gica de la \u00faltima d\u00e9cada. <\/li>\n<\/ul>\n<p>\u200bEl canciller de Togo, Robert Dussey, lleva adelante la campa\u00f1a &#8220;Corregir el mapa&#8221; que tambi\u00e9n cuenta con el respaldo de la Uni\u00f3n Africana. La iniciativa busca que se reemplace la proyecci\u00f3n Mercator, que data del siglo XVI, y se adopte una proyecci\u00f3n cartogr\u00e1gica de la \u00faltima d\u00e9cada.\u00a0<a href=\"https:\/\/www.clarin.com\/mundo\/fin-mapas-mercator-pais-africano-pide-naciones-unidas-adopte-nuevo-criterio-cartografia-muestre-tamano-real-continente_0_2iIoHmrY97.html\" target=\"_blank\" class=\"feedzy-rss-link-icon\">Read More<\/a><\/p>","protected":false},"excerpt":{"rendered":"<p>El canciller de Togo, Robert Dussey, lleva adelante la campa\u00f1a &#8220;Corregir el mapa&#8221; que tambi\u00e9n&#8230;<\/p>\n","protected":false},"author":1,"featured_media":60699,"comment_status":"open","ping_status":"open","sticky":false,"template":"","format":"standard","meta":{"footnotes":""},"categories":[4],"tags":[],"class_list":["post-60698","post","type-post","status-publish","format-standard","has-post-thumbnail","hentry","category-internacionales"],"_links":{"self":[{"href":"https:\/\/masquenoticiastucuman.com.ar\/index.php?rest_route=\/wp\/v2\/posts\/60698","targetHints":{"allow":["GET"]}}],"collection":[{"href":"https:\/\/masquenoticiastucuman.com.ar\/index.php?rest_route=\/wp\/v2\/posts"}],"about":[{"href":"https:\/\/masquenoticiastucuman.com.ar\/index.php?rest_route=\/wp\/v2\/types\/post"}],"author":[{"embeddable":true,"href":"https:\/\/masquenoticiastucuman.com.ar\/index.php?rest_route=\/wp\/v2\/users\/1"}],"replies":[{"embeddable":true,"href":"https:\/\/masquenoticiastucuman.com.ar\/index.php?rest_route=%2Fwp%2Fv2%2Fcomments&post=60698"}],"version-history":[{"count":0,"href":"https:\/\/masquenoticiastucuman.com.ar\/index.php?rest_route=\/wp\/v2\/posts\/60698\/revisions"}],"wp:featuredmedia":[{"embeddable":true,"href":"https:\/\/masquenoticiastucuman.com.ar\/index.php?rest_route=\/wp\/v2\/media\/60699"}],"wp:attachment":[{"href":"https:\/\/masquenoticiastucuman.com.ar\/index.php?rest_route=%2Fwp%2Fv2%2Fmedia&parent=60698"}],"wp:term":[{"taxonomy":"category","embeddable":true,"href":"https:\/\/masquenoticiastucuman.com.ar\/index.php?rest_route=%2Fwp%2Fv2%2Fcategories&post=60698"},{"taxonomy":"post_tag","embeddable":true,"href":"https:\/\/masquenoticiastucuman.com.ar\/index.php?rest_route=%2Fwp%2Fv2%2Ftags&post=60698"}],"curies":[{"name":"wp","href":"https:\/\/api.w.org\/{rel}","templated":true}]}}