{"id":60704,"date":"2026-04-16T18:21:37","date_gmt":"2026-04-16T21:21:37","guid":{"rendered":"http:\/\/masquenoticiastucuman.com.ar\/?p=60704"},"modified":"2026-04-16T18:21:37","modified_gmt":"2026-04-16T21:21:37","slug":"lionel-scaloni-es-uno-de-los-grandes-candidatos-para-dirigir-a-real-madrid-segun-un-importante-medio-de-espana","status":"publish","type":"post","link":"https:\/\/masquenoticiastucuman.com.ar\/?p=60704","title":{"rendered":"Lionel Scaloni es uno de los grandes candidatos para dirigir a Real Madrid, seg\u00fan un importante medio de Espa\u00f1a"},"content":{"rendered":"<ul>\n<li>Tras la eliminaci\u00f3n en la Champions League, el ciclo de \u00c1lvaro Arbeloa parece sentenciado.<\/li>\n<li>Es por eso que la prensa espa\u00f1ola ya anuncia a los posibles reemplazantes.<\/li>\n<li>Y el DT de la Selecci\u00f3n Argentina tendr\u00eda chances de llegar al Merengue despu\u00e9s del Mundial.<\/li>\n<\/ul>\n<p>\u200bTras la eliminaci\u00f3n en la Champions League, el ciclo de \u00c1lvaro Arbeloa parece sentenciado.Es por eso que la prensa espa\u00f1ola ya anuncia a los posibles reemplazantes.Y el DT de la Selecci\u00f3n Argentina tendr\u00eda chances de llegar al Merengue despu\u00e9s del Mundial.\u00a0<a href=\"https:\/\/www.clarin.com\/deportes\/lionel-scaloni-grandes-candidatos-dirigir-real-madrid-importante-medio-espana_0_jNY4A1yOeH.html\" target=\"_blank\" class=\"feedzy-rss-link-icon\">Read More<\/a><\/p>","protected":false},"excerpt":{"rendered":"<p>Tras la eliminaci\u00f3n en la Champions League, el ciclo de \u00c1lvaro Arbeloa parece sentenciado. Es&#8230;<\/p>\n","protected":false},"author":1,"featured_media":0,"comment_status":"open","ping_status":"open","sticky":false,"template":"","format":"standard","meta":{"footnotes":""},"categories":[6],"tags":[],"class_list":["post-60704","post","type-post","status-publish","format-standard","has-post-thumbnail","hentry","category-deportes"],"_links":{"self":[{"href":"https:\/\/masquenoticiastucuman.com.ar\/index.php?rest_route=\/wp\/v2\/posts\/60704","targetHints":{"allow":["GET"]}}],"collection":[{"href":"https:\/\/masquenoticiastucuman.com.ar\/index.php?rest_route=\/wp\/v2\/posts"}],"about":[{"href":"https:\/\/masquenoticiastucuman.com.ar\/index.php?rest_route=\/wp\/v2\/types\/post"}],"author":[{"embeddable":true,"href":"https:\/\/masquenoticiastucuman.com.ar\/index.php?rest_route=\/wp\/v2\/users\/1"}],"replies":[{"embeddable":true,"href":"https:\/\/masquenoticiastucuman.com.ar\/index.php?rest_route=%2Fwp%2Fv2%2Fcomments&post=60704"}],"version-history":[{"count":0,"href":"https:\/\/masquenoticiastucuman.com.ar\/index.php?rest_route=\/wp\/v2\/posts\/60704\/revisions"}],"wp:attachment":[{"href":"https:\/\/masquenoticiastucuman.com.ar\/index.php?rest_route=%2Fwp%2Fv2%2Fmedia&parent=60704"}],"wp:term":[{"taxonomy":"category","embeddable":true,"href":"https:\/\/masquenoticiastucuman.com.ar\/index.php?rest_route=%2Fwp%2Fv2%2Fcategories&post=60704"},{"taxonomy":"post_tag","embeddable":true,"href":"https:\/\/masquenoticiastucuman.com.ar\/index.php?rest_route=%2Fwp%2Fv2%2Ftags&post=60704"}],"curies":[{"name":"wp","href":"https:\/\/api.w.org\/{rel}","templated":true}]}}