{"id":60714,"date":"2026-04-16T21:53:07","date_gmt":"2026-04-17T00:53:07","guid":{"rendered":"http:\/\/masquenoticiastucuman.com.ar\/?p=60714"},"modified":"2026-04-16T21:53:07","modified_gmt":"2026-04-17T00:53:07","slug":"murio-hugo-nelson-lacava-schell-ex-boca-y-simbolo-de-una-gesta-historica-de-temperley","status":"publish","type":"post","link":"https:\/\/masquenoticiastucuman.com.ar\/?p=60714","title":{"rendered":"Muri\u00f3 Hugo Nelson Lacava Schell, ex Boca y s\u00edmbolo de una gesta hist\u00f3rica de Temperley"},"content":{"rendered":"<ul>\n<li>Ten\u00eda 70 a\u00f1os y muri\u00f3 en Resistencia, Chaco.<\/li>\n<li>All\u00ed viv\u00eda desde hace d\u00e9cadas y desarroll\u00f3 una extensa labor como periodista deportivo.<\/li>\n<li>Formado en Boca, dej\u00f3 una huella imborrable en el Celeste.<\/li>\n<\/ul>\n<p>\u200bTen\u00eda 70 a\u00f1os y muri\u00f3 en Resistencia, Chaco.All\u00ed viv\u00eda desde hace d\u00e9cadas y desarroll\u00f3 una extensa labor como periodista deportivo.Formado en Boca, dej\u00f3 una huella imborrable en el Celeste.\u00a0<a href=\"https:\/\/www.clarin.com\/deportes\/murio-hugo-nelson-lacava-schell-ex-boca-simbolo-gesta-historica-temperley_0_IEVrs8Ht6p.html\" target=\"_blank\" class=\"feedzy-rss-link-icon\">Read More<\/a><\/p>","protected":false},"excerpt":{"rendered":"<p>Ten\u00eda 70 a\u00f1os y muri\u00f3 en Resistencia, Chaco. All\u00ed viv\u00eda desde hace d\u00e9cadas y desarroll\u00f3&#8230;<\/p>\n","protected":false},"author":1,"featured_media":0,"comment_status":"open","ping_status":"open","sticky":false,"template":"","format":"standard","meta":{"footnotes":""},"categories":[6],"tags":[],"class_list":["post-60714","post","type-post","status-publish","format-standard","has-post-thumbnail","hentry","category-deportes"],"_links":{"self":[{"href":"https:\/\/masquenoticiastucuman.com.ar\/index.php?rest_route=\/wp\/v2\/posts\/60714","targetHints":{"allow":["GET"]}}],"collection":[{"href":"https:\/\/masquenoticiastucuman.com.ar\/index.php?rest_route=\/wp\/v2\/posts"}],"about":[{"href":"https:\/\/masquenoticiastucuman.com.ar\/index.php?rest_route=\/wp\/v2\/types\/post"}],"author":[{"embeddable":true,"href":"https:\/\/masquenoticiastucuman.com.ar\/index.php?rest_route=\/wp\/v2\/users\/1"}],"replies":[{"embeddable":true,"href":"https:\/\/masquenoticiastucuman.com.ar\/index.php?rest_route=%2Fwp%2Fv2%2Fcomments&post=60714"}],"version-history":[{"count":0,"href":"https:\/\/masquenoticiastucuman.com.ar\/index.php?rest_route=\/wp\/v2\/posts\/60714\/revisions"}],"wp:attachment":[{"href":"https:\/\/masquenoticiastucuman.com.ar\/index.php?rest_route=%2Fwp%2Fv2%2Fmedia&parent=60714"}],"wp:term":[{"taxonomy":"category","embeddable":true,"href":"https:\/\/masquenoticiastucuman.com.ar\/index.php?rest_route=%2Fwp%2Fv2%2Fcategories&post=60714"},{"taxonomy":"post_tag","embeddable":true,"href":"https:\/\/masquenoticiastucuman.com.ar\/index.php?rest_route=%2Fwp%2Fv2%2Ftags&post=60714"}],"curies":[{"name":"wp","href":"https:\/\/api.w.org\/{rel}","templated":true}]}}