{"id":60715,"date":"2026-04-16T23:24:55","date_gmt":"2026-04-17T02:24:55","guid":{"rendered":"http:\/\/masquenoticiastucuman.com.ar\/?p=60715"},"modified":"2026-04-16T23:24:55","modified_gmt":"2026-04-17T02:24:55","slug":"la-seleccion-sub-17-a-la-final-del-sudamericano-2026-vencio-a-ecuador-y-jugara-vs-colombia-que-dio-el-batacazo-ante-brasil","status":"publish","type":"post","link":"https:\/\/masquenoticiastucuman.com.ar\/?p=60715","title":{"rendered":"La Selecci\u00f3n Sub 17, a la final del Sudamericano 2026: venci\u00f3 a Ecuador y jugar\u00e1 vs Colombia, que dio el batacazo ante Brasil"},"content":{"rendered":"<ul>\n<li>Los dirigidos por Diego Placente, que ya ten\u00edan el boleto al Mundial de Qatar, se impusieron 3-1.<\/li>\n<li>Mir\u00e1 los goles.<\/li>\n<\/ul>\n<p>\u200bLos dirigidos por Diego Placente, que ya ten\u00edan el boleto al Mundial de Qatar, se impusieron 3-1.Mir\u00e1 los goles.\u00a0<a href=\"https:\/\/www.clarin.com\/deportes\/seleccion-sub-17-final-sudamericano-2026-vencio-ecuador-jugara-vs-colombia-dio-batacazo-brasil_0_BKu11fAJ7m.html\" target=\"_blank\" class=\"feedzy-rss-link-icon\">Read More<\/a><\/p>","protected":false},"excerpt":{"rendered":"<p>Los dirigidos por Diego Placente, que ya ten\u00edan el boleto al Mundial de Qatar, se&#8230;<\/p>\n","protected":false},"author":1,"featured_media":0,"comment_status":"open","ping_status":"open","sticky":false,"template":"","format":"standard","meta":{"footnotes":""},"categories":[6],"tags":[],"class_list":["post-60715","post","type-post","status-publish","format-standard","has-post-thumbnail","hentry","category-deportes"],"_links":{"self":[{"href":"https:\/\/masquenoticiastucuman.com.ar\/index.php?rest_route=\/wp\/v2\/posts\/60715","targetHints":{"allow":["GET"]}}],"collection":[{"href":"https:\/\/masquenoticiastucuman.com.ar\/index.php?rest_route=\/wp\/v2\/posts"}],"about":[{"href":"https:\/\/masquenoticiastucuman.com.ar\/index.php?rest_route=\/wp\/v2\/types\/post"}],"author":[{"embeddable":true,"href":"https:\/\/masquenoticiastucuman.com.ar\/index.php?rest_route=\/wp\/v2\/users\/1"}],"replies":[{"embeddable":true,"href":"https:\/\/masquenoticiastucuman.com.ar\/index.php?rest_route=%2Fwp%2Fv2%2Fcomments&post=60715"}],"version-history":[{"count":0,"href":"https:\/\/masquenoticiastucuman.com.ar\/index.php?rest_route=\/wp\/v2\/posts\/60715\/revisions"}],"wp:attachment":[{"href":"https:\/\/masquenoticiastucuman.com.ar\/index.php?rest_route=%2Fwp%2Fv2%2Fmedia&parent=60715"}],"wp:term":[{"taxonomy":"category","embeddable":true,"href":"https:\/\/masquenoticiastucuman.com.ar\/index.php?rest_route=%2Fwp%2Fv2%2Fcategories&post=60715"},{"taxonomy":"post_tag","embeddable":true,"href":"https:\/\/masquenoticiastucuman.com.ar\/index.php?rest_route=%2Fwp%2Fv2%2Ftags&post=60715"}],"curies":[{"name":"wp","href":"https:\/\/api.w.org\/{rel}","templated":true}]}}