{"id":60716,"date":"2026-04-16T23:05:07","date_gmt":"2026-04-17T02:05:07","guid":{"rendered":"http:\/\/masquenoticiastucuman.com.ar\/?p=60716"},"modified":"2026-04-16T23:05:07","modified_gmt":"2026-04-17T02:05:07","slug":"el-pocho-lavezzi-abrio-la-intimidad-de-su-lucha-contra-las-adicciones-y-la-depresion-experimente-la-oscuridad","status":"publish","type":"post","link":"https:\/\/masquenoticiastucuman.com.ar\/?p=60716","title":{"rendered":"El Pocho Lavezzi abri\u00f3 la intimidad de su lucha contra las adicciones y la depresi\u00f3n: &#8220;Experiment\u00e9 la oscuridad&#8221;"},"content":{"rendered":"<ul>\n<li>El ex delantero de San Lorenzo y la Selecci\u00f3n Argentina fue internado en Uruguay.<\/li>\n<li>Ofreci\u00f3 una entrevista a un medio italiano en la que cont\u00f3 detalles de su recuperaci\u00f3n.<\/li>\n<li>&#8220;Me estaba haciendo da\u00f1o a m\u00ed mismo&#8221;, revel\u00f3.<\/li>\n<\/ul>\n<p>\u200bEl ex delantero de San Lorenzo y la Selecci\u00f3n Argentina fue internado en Uruguay.Ofreci\u00f3 una entrevista a un medio italiano en la que cont\u00f3 detalles de su recuperaci\u00f3n.&#8221;Me estaba haciendo da\u00f1o a m\u00ed mismo&#8221;, revel\u00f3.\u00a0<a href=\"https:\/\/www.clarin.com\/deportes\/pocho-lavezzi-abrio-intimidad-lucha-adicciones-depresion-experimente-oscuridad_0_A1NcKkfcyS.html\" target=\"_blank\" class=\"feedzy-rss-link-icon\">Read More<\/a><\/p>","protected":false},"excerpt":{"rendered":"<p>El ex delantero de San Lorenzo y la Selecci\u00f3n Argentina fue internado en Uruguay. Ofreci\u00f3&#8230;<\/p>\n","protected":false},"author":1,"featured_media":0,"comment_status":"open","ping_status":"open","sticky":false,"template":"","format":"standard","meta":{"footnotes":""},"categories":[6],"tags":[],"class_list":["post-60716","post","type-post","status-publish","format-standard","has-post-thumbnail","hentry","category-deportes"],"_links":{"self":[{"href":"https:\/\/masquenoticiastucuman.com.ar\/index.php?rest_route=\/wp\/v2\/posts\/60716","targetHints":{"allow":["GET"]}}],"collection":[{"href":"https:\/\/masquenoticiastucuman.com.ar\/index.php?rest_route=\/wp\/v2\/posts"}],"about":[{"href":"https:\/\/masquenoticiastucuman.com.ar\/index.php?rest_route=\/wp\/v2\/types\/post"}],"author":[{"embeddable":true,"href":"https:\/\/masquenoticiastucuman.com.ar\/index.php?rest_route=\/wp\/v2\/users\/1"}],"replies":[{"embeddable":true,"href":"https:\/\/masquenoticiastucuman.com.ar\/index.php?rest_route=%2Fwp%2Fv2%2Fcomments&post=60716"}],"version-history":[{"count":0,"href":"https:\/\/masquenoticiastucuman.com.ar\/index.php?rest_route=\/wp\/v2\/posts\/60716\/revisions"}],"wp:attachment":[{"href":"https:\/\/masquenoticiastucuman.com.ar\/index.php?rest_route=%2Fwp%2Fv2%2Fmedia&parent=60716"}],"wp:term":[{"taxonomy":"category","embeddable":true,"href":"https:\/\/masquenoticiastucuman.com.ar\/index.php?rest_route=%2Fwp%2Fv2%2Fcategories&post=60716"},{"taxonomy":"post_tag","embeddable":true,"href":"https:\/\/masquenoticiastucuman.com.ar\/index.php?rest_route=%2Fwp%2Fv2%2Ftags&post=60716"}],"curies":[{"name":"wp","href":"https:\/\/api.w.org\/{rel}","templated":true}]}}