{"id":60718,"date":"2026-04-17T05:23:22","date_gmt":"2026-04-17T08:23:22","guid":{"rendered":"http:\/\/masquenoticiastucuman.com.ar\/?p=60718"},"modified":"2026-04-17T05:23:22","modified_gmt":"2026-04-17T08:23:22","slug":"es-tu-papa-las-hijas-de-matias-almeyda-sorprendieron-a-un-conductor-mexicano-en-madrid","status":"publish","type":"post","link":"https:\/\/masquenoticiastucuman.com.ar\/?p=60718","title":{"rendered":"\u201c\u00bfEs tu pap\u00e1?: las hijas de Mat\u00edas Almeyda sorprendieron a un conductor mexicano en Madrid"},"content":{"rendered":"<ul>\n<li>Fue en la plaza Mayor de la capital espa\u00f1ola, donde el creador de contenido realizaba entrevistas a distintas personas.<\/li>\n<li>El exvolante de la Selecci\u00f3n Argentina apareci\u00f3 en una videollamada. \u201cSiempre veo todos tus programas, te sigo\u201d, le dijo.<\/li>\n<li>D\u00edas despu\u00e9s le concedi\u00f3 una entrevista donde se refiri\u00f3 con crudeza a su reciente salida de Sevilla.<\/li>\n<\/ul>\n<p>\u200bFue en la plaza Mayor de la capital espa\u00f1ola, donde el creador de contenido realizaba entrevistas a distintas personas.El exvolante de la Selecci\u00f3n Argentina apareci\u00f3 en una videollamada. \u201cSiempre veo todos tus programas, te sigo\u201d, le dijo.D\u00edas despu\u00e9s le concedi\u00f3 una entrevista donde se refiri\u00f3 con crudeza a su reciente salida de Sevilla.\u00a0<a href=\"https:\/\/www.clarin.com\/deportes\/papa-hijas-matias-almeyda-sorprendieron-conductor-mexicano-madrid_0_aCvkuzTN0d.html\" target=\"_blank\" class=\"feedzy-rss-link-icon\">Read More<\/a><\/p>","protected":false},"excerpt":{"rendered":"<p>Fue en la plaza Mayor de la capital espa\u00f1ola, donde el creador de contenido realizaba&#8230;<\/p>\n","protected":false},"author":1,"featured_media":0,"comment_status":"open","ping_status":"open","sticky":false,"template":"","format":"standard","meta":{"footnotes":""},"categories":[6],"tags":[],"class_list":["post-60718","post","type-post","status-publish","format-standard","has-post-thumbnail","hentry","category-deportes"],"_links":{"self":[{"href":"https:\/\/masquenoticiastucuman.com.ar\/index.php?rest_route=\/wp\/v2\/posts\/60718","targetHints":{"allow":["GET"]}}],"collection":[{"href":"https:\/\/masquenoticiastucuman.com.ar\/index.php?rest_route=\/wp\/v2\/posts"}],"about":[{"href":"https:\/\/masquenoticiastucuman.com.ar\/index.php?rest_route=\/wp\/v2\/types\/post"}],"author":[{"embeddable":true,"href":"https:\/\/masquenoticiastucuman.com.ar\/index.php?rest_route=\/wp\/v2\/users\/1"}],"replies":[{"embeddable":true,"href":"https:\/\/masquenoticiastucuman.com.ar\/index.php?rest_route=%2Fwp%2Fv2%2Fcomments&post=60718"}],"version-history":[{"count":0,"href":"https:\/\/masquenoticiastucuman.com.ar\/index.php?rest_route=\/wp\/v2\/posts\/60718\/revisions"}],"wp:attachment":[{"href":"https:\/\/masquenoticiastucuman.com.ar\/index.php?rest_route=%2Fwp%2Fv2%2Fmedia&parent=60718"}],"wp:term":[{"taxonomy":"category","embeddable":true,"href":"https:\/\/masquenoticiastucuman.com.ar\/index.php?rest_route=%2Fwp%2Fv2%2Fcategories&post=60718"},{"taxonomy":"post_tag","embeddable":true,"href":"https:\/\/masquenoticiastucuman.com.ar\/index.php?rest_route=%2Fwp%2Fv2%2Ftags&post=60718"}],"curies":[{"name":"wp","href":"https:\/\/api.w.org\/{rel}","templated":true}]}}