{"id":60719,"date":"2026-04-17T07:14:07","date_gmt":"2026-04-17T10:14:07","guid":{"rendered":"https:\/\/masquenoticiastucuman.com.ar\/?p=60719"},"modified":"2026-04-17T07:14:08","modified_gmt":"2026-04-17T10:14:08","slug":"un-alumno-admitio-haber-escrito-una-amenaza-en-una-escuela-de-yerba-buena","status":"publish","type":"post","link":"https:\/\/masquenoticiastucuman.com.ar\/?p=60719","title":{"rendered":"Un alumno admiti\u00f3 haber escrito una amenaza en una escuela de Yerba Buena"},"content":{"rendered":"\n<p>El hecho ocurri\u00f3 en la escuela de comercio &#8220;Miguel Lillo&#8221; ubicada en calle Brasil al 1700 durante el desarrollo de una clase. Se advirti\u00f3 la presencia de un mensaje escrito en una de las paredes de un aula de tercer a\u00f1o que indicaba una presunta amenaza de tiroteo. &#8220;Fue una broma&#8221;, dijo.<\/p>\n\n\n\n<p id=\"isPasted\">Efectivos de la Unidad Regional Norte, a trav\u00e9s de la Comisar\u00eda de Yerba Buena, llevaron adelante una intervenci\u00f3n preventiva en la Escuela de Comercio \u201cDr. Miguel Lillo\u201d, tras detectarse una amenaza que gener\u00f3 preocupaci\u00f3n en la comunidad educativa.<\/p>\n\n\n\n<p>El hecho ocurri\u00f3 este 16 de abril en el establecimiento ubicado en calle Brasil al 1700, cuando durante el desarrollo de una clase se advirti\u00f3 la presencia de un mensaje escrito en una de las paredes de un aula de tercer a\u00f1o que indicaba una presunta amenaza de tiroteo.<\/p>\n\n\n\n<p>Seg\u00fan lo informado, la directora de la instituci\u00f3n,&nbsp;<strong>Andrea Abdale<\/strong>, indic\u00f3 que la situaci\u00f3n fue detectada alrededor de las 12 horas, mientras se desarrollaba una clase de ingl\u00e9s a cargo de la docente&nbsp;<strong>Nerina Leonela Mirabal<\/strong>, quien observ\u00f3 la inscripci\u00f3n en el aula. Tras dar aviso a la direcci\u00f3n, la directora procedi\u00f3 a dar lectura al decreto vigente firmado por el gobernador de la Provincia,&nbsp;<strong>Osvaldo Jaldo<\/strong>, en el marco de los protocolos establecidos ante situaciones de riesgo.<\/p>\n\n\n\n<p>En ese contexto, y ante la situaci\u00f3n planteada, un alumno de 13 a\u00f1os manifest\u00f3 de manera voluntaria que el mensaje se trataba de una broma de mal gusto, sin intenci\u00f3n de concretar la amenaza. Posteriormente, se hizo presente en el establecimiento la madre del menor, acompa\u00f1ada por su representante legal.<\/p>\n\n\n\n<p>Ante la alerta, personal policial se hizo presente en el lugar junto a efectivos de la Patrulla Motorizada y otras unidades operativas, aplicando los protocolos de seguridad vigentes y resguardando a la comunidad educativa.<\/p>\n\n\n\n<p>La situaci\u00f3n fue puesta en conocimiento de la Unidad Fiscal Criminal 2 del Centro Judicial Capital, que dispuso medidas investigativas, entre ellas el relevamiento de c\u00e1maras de seguridad y la toma de declaraciones testimoniales a las autoridades escolares y personal docente. Asimismo, se dio intervenci\u00f3n a la Direcci\u00f3n de Criminal\u00edstica.<\/p>\n\n\n\n<p>Desde las autoridades se destac\u00f3 la r\u00e1pida actuaci\u00f3n conjunta entre la instituci\u00f3n educativa y las fuerzas de seguridad, lo que permiti\u00f3 llevar tranquilidad y activar los mecanismos preventivos previstos para este tipo de situaciones.<\/p>\n","protected":false},"excerpt":{"rendered":"<p>El hecho ocurri\u00f3 en la escuela de comercio &#8220;Miguel Lillo&#8221; ubicada en calle Brasil al&#8230;<\/p>\n","protected":false},"author":2,"featured_media":60720,"comment_status":"open","ping_status":"open","sticky":false,"template":"","format":"standard","meta":{"footnotes":""},"categories":[2],"tags":[],"class_list":["post-60719","post","type-post","status-publish","format-standard","has-post-thumbnail","hentry","category-locales"],"_links":{"self":[{"href":"https:\/\/masquenoticiastucuman.com.ar\/index.php?rest_route=\/wp\/v2\/posts\/60719","targetHints":{"allow":["GET"]}}],"collection":[{"href":"https:\/\/masquenoticiastucuman.com.ar\/index.php?rest_route=\/wp\/v2\/posts"}],"about":[{"href":"https:\/\/masquenoticiastucuman.com.ar\/index.php?rest_route=\/wp\/v2\/types\/post"}],"author":[{"embeddable":true,"href":"https:\/\/masquenoticiastucuman.com.ar\/index.php?rest_route=\/wp\/v2\/users\/2"}],"replies":[{"embeddable":true,"href":"https:\/\/masquenoticiastucuman.com.ar\/index.php?rest_route=%2Fwp%2Fv2%2Fcomments&post=60719"}],"version-history":[{"count":1,"href":"https:\/\/masquenoticiastucuman.com.ar\/index.php?rest_route=\/wp\/v2\/posts\/60719\/revisions"}],"predecessor-version":[{"id":60721,"href":"https:\/\/masquenoticiastucuman.com.ar\/index.php?rest_route=\/wp\/v2\/posts\/60719\/revisions\/60721"}],"wp:featuredmedia":[{"embeddable":true,"href":"https:\/\/masquenoticiastucuman.com.ar\/index.php?rest_route=\/wp\/v2\/media\/60720"}],"wp:attachment":[{"href":"https:\/\/masquenoticiastucuman.com.ar\/index.php?rest_route=%2Fwp%2Fv2%2Fmedia&parent=60719"}],"wp:term":[{"taxonomy":"category","embeddable":true,"href":"https:\/\/masquenoticiastucuman.com.ar\/index.php?rest_route=%2Fwp%2Fv2%2Fcategories&post=60719"},{"taxonomy":"post_tag","embeddable":true,"href":"https:\/\/masquenoticiastucuman.com.ar\/index.php?rest_route=%2Fwp%2Fv2%2Ftags&post=60719"}],"curies":[{"name":"wp","href":"https:\/\/api.w.org\/{rel}","templated":true}]}}