{"id":60724,"date":"2026-04-17T06:02:50","date_gmt":"2026-04-17T09:02:50","guid":{"rendered":"http:\/\/masquenoticiastucuman.com.ar\/?p=60724"},"modified":"2026-04-17T06:02:50","modified_gmt":"2026-04-17T09:02:50","slug":"spielberg-y-el-dia-de-la-revelacion-todo-lo-que-se-ve-en-el-nuevo-trailer-que-no-esta-en-ningun-lado","status":"publish","type":"post","link":"https:\/\/masquenoticiastucuman.com.ar\/?p=60724","title":{"rendered":"Spielberg y El d\u00eda de la revelaci\u00f3n: todo lo que se ve en el nuevo trailer (que no est\u00e1 en ning\u00fan lado)"},"content":{"rendered":"<ul>\n<li>El director lo present\u00f3 en la CinemaCon en Las Vegas. <\/li>\n<li>A\u00fan no est\u00e1 disponible en ning\u00fan sitio. Pero los afortunados cuentan qu\u00e9 pasa en el filme.<\/li>\n<\/ul>\n<p>\u200bEl director lo present\u00f3 en la CinemaCon en Las Vegas. A\u00fan no est\u00e1 disponible en ning\u00fan sitio. Pero los afortunados cuentan qu\u00e9 pasa en el filme.\u00a0<a href=\"https:\/\/www.clarin.com\/espectaculos\/spielberg-dia-revelacion-ve-nuevo-trailer-lado_0_ItQ49BNaKS.html\" target=\"_blank\" class=\"feedzy-rss-link-icon\">Read More<\/a><\/p>","protected":false},"excerpt":{"rendered":"<p>El director lo present\u00f3 en la CinemaCon en Las Vegas. A\u00fan no est\u00e1 disponible en&#8230;<\/p>\n","protected":false},"author":1,"featured_media":0,"comment_status":"open","ping_status":"open","sticky":false,"template":"","format":"standard","meta":{"footnotes":""},"categories":[5],"tags":[],"class_list":["post-60724","post","type-post","status-publish","format-standard","has-post-thumbnail","hentry","category-espectaculo"],"_links":{"self":[{"href":"https:\/\/masquenoticiastucuman.com.ar\/index.php?rest_route=\/wp\/v2\/posts\/60724","targetHints":{"allow":["GET"]}}],"collection":[{"href":"https:\/\/masquenoticiastucuman.com.ar\/index.php?rest_route=\/wp\/v2\/posts"}],"about":[{"href":"https:\/\/masquenoticiastucuman.com.ar\/index.php?rest_route=\/wp\/v2\/types\/post"}],"author":[{"embeddable":true,"href":"https:\/\/masquenoticiastucuman.com.ar\/index.php?rest_route=\/wp\/v2\/users\/1"}],"replies":[{"embeddable":true,"href":"https:\/\/masquenoticiastucuman.com.ar\/index.php?rest_route=%2Fwp%2Fv2%2Fcomments&post=60724"}],"version-history":[{"count":0,"href":"https:\/\/masquenoticiastucuman.com.ar\/index.php?rest_route=\/wp\/v2\/posts\/60724\/revisions"}],"wp:attachment":[{"href":"https:\/\/masquenoticiastucuman.com.ar\/index.php?rest_route=%2Fwp%2Fv2%2Fmedia&parent=60724"}],"wp:term":[{"taxonomy":"category","embeddable":true,"href":"https:\/\/masquenoticiastucuman.com.ar\/index.php?rest_route=%2Fwp%2Fv2%2Fcategories&post=60724"},{"taxonomy":"post_tag","embeddable":true,"href":"https:\/\/masquenoticiastucuman.com.ar\/index.php?rest_route=%2Fwp%2Fv2%2Ftags&post=60724"}],"curies":[{"name":"wp","href":"https:\/\/api.w.org\/{rel}","templated":true}]}}