{"id":60725,"date":"2026-04-17T06:26:51","date_gmt":"2026-04-17T09:26:51","guid":{"rendered":"http:\/\/masquenoticiastucuman.com.ar\/?p=60725"},"modified":"2026-04-17T06:26:51","modified_gmt":"2026-04-17T09:26:51","slug":"el-flag-football-el-nuevo-deporte-olimpico-debuta-en-los-suramericanos-de-la-juventud-panama-2026-como-se-formo-la-seleccion-argentina-y-quienes-la-componen","status":"publish","type":"post","link":"https:\/\/masquenoticiastucuman.com.ar\/?p=60725","title":{"rendered":"El flag football, el nuevo deporte ol\u00edmpico, debuta en los Suramericanos de la Juventud Panam\u00e1 2026: c\u00f3mo se form\u00f3 la  Selecci\u00f3n Argentina y qui\u00e9nes la componen"},"content":{"rendered":"<ul>\n<li>Se trata de una modalidad del f\u00fatbol americano, que estar\u00e1 presente en Los \u00c1ngeles 2028 por primera vez.<\/li>\n<li>El deporte se practica en Buenos Aires, Mar del Plata, Rosario, C\u00f3rdoba, Mendoza, Concepci\u00f3n del Uruguay, Paran\u00e1 y Tucum\u00e1n.<\/li>\n<\/ul>\n<p>\u200bSe trata de una modalidad del f\u00fatbol americano, que estar\u00e1 presente en Los \u00c1ngeles 2028 por primera vez.El deporte se practica en Buenos Aires, Mar del Plata, Rosario, C\u00f3rdoba, Mendoza, Concepci\u00f3n del Uruguay, Paran\u00e1 y Tucum\u00e1n.\u00a0<a href=\"https:\/\/www.clarin.com\/deportes\/flag-football-nuevo-deporte-olimpico-debuta-suramericanos-juventud-panama-2026-formo-seleccion-argentina-componen_0_D9iVnFZDbh.html\" target=\"_blank\" class=\"feedzy-rss-link-icon\">Read More<\/a><\/p>","protected":false},"excerpt":{"rendered":"<p>Se trata de una modalidad del f\u00fatbol americano, que estar\u00e1 presente en Los \u00c1ngeles 2028&#8230;<\/p>\n","protected":false},"author":1,"featured_media":0,"comment_status":"open","ping_status":"open","sticky":false,"template":"","format":"standard","meta":{"footnotes":""},"categories":[6],"tags":[],"class_list":["post-60725","post","type-post","status-publish","format-standard","has-post-thumbnail","hentry","category-deportes"],"_links":{"self":[{"href":"https:\/\/masquenoticiastucuman.com.ar\/index.php?rest_route=\/wp\/v2\/posts\/60725","targetHints":{"allow":["GET"]}}],"collection":[{"href":"https:\/\/masquenoticiastucuman.com.ar\/index.php?rest_route=\/wp\/v2\/posts"}],"about":[{"href":"https:\/\/masquenoticiastucuman.com.ar\/index.php?rest_route=\/wp\/v2\/types\/post"}],"author":[{"embeddable":true,"href":"https:\/\/masquenoticiastucuman.com.ar\/index.php?rest_route=\/wp\/v2\/users\/1"}],"replies":[{"embeddable":true,"href":"https:\/\/masquenoticiastucuman.com.ar\/index.php?rest_route=%2Fwp%2Fv2%2Fcomments&post=60725"}],"version-history":[{"count":0,"href":"https:\/\/masquenoticiastucuman.com.ar\/index.php?rest_route=\/wp\/v2\/posts\/60725\/revisions"}],"wp:attachment":[{"href":"https:\/\/masquenoticiastucuman.com.ar\/index.php?rest_route=%2Fwp%2Fv2%2Fmedia&parent=60725"}],"wp:term":[{"taxonomy":"category","embeddable":true,"href":"https:\/\/masquenoticiastucuman.com.ar\/index.php?rest_route=%2Fwp%2Fv2%2Fcategories&post=60725"},{"taxonomy":"post_tag","embeddable":true,"href":"https:\/\/masquenoticiastucuman.com.ar\/index.php?rest_route=%2Fwp%2Fv2%2Ftags&post=60725"}],"curies":[{"name":"wp","href":"https:\/\/api.w.org\/{rel}","templated":true}]}}