{"id":60727,"date":"2026-04-16T13:40:00","date_gmt":"2026-04-16T16:40:00","guid":{"rendered":"http:\/\/masquenoticiastucuman.com.ar\/?p=60727"},"modified":"2026-04-16T13:40:00","modified_gmt":"2026-04-16T16:40:00","slug":"oportunidad-iphone-en-12-cuotas-sin-interes-y-hasta-30-de-descuento-que-modelo-conviene-comprar","status":"publish","type":"post","link":"https:\/\/masquenoticiastucuman.com.ar\/?p=60727","title":{"rendered":"Oportunidad: iPhone en 12 cuotas sin inter\u00e9s y hasta 30% de descuento, \u00bfqu\u00e9 modelo conviene comprar?"},"content":{"rendered":"<p>Las opciones de financiaci\u00f3n en cuotas ofrecidas por plataformas y distribuidores oficiales de Apple facilitan la adquisici\u00f3n del iPhone.<\/p>\n<p>                                                                <!-- Begin comScore Tag --><\/p>\n<p>                                    <img decoding=\"async\" src=\"https:\/\/sb.scorecardresearch.com\/p?c1=2&amp;c2=16597048&amp;cv=3.6.0&amp;cj=1\" \/><\/p>\n<p>                                <!-- End comScore Tag --><\/p>\n<p>                            \u200bLas opciones de financiaci\u00f3n en cuotas ofrecidas por plataformas y distribuidores oficiales de Apple facilitan la adquisici\u00f3n del iPhone.\u00a0<a href=\"https:\/\/www.iprofesional.com\/tecnologia\/452604-oportunidad-iphone-en-12-cuotas-sin-interes-y-hasta-30-por-ciento-de-descuento\" target=\"_blank\" class=\"feedzy-rss-link-icon\">Read More<\/a><\/p>","protected":false},"excerpt":{"rendered":"<p>Las opciones de financiaci\u00f3n en cuotas ofrecidas por plataformas y distribuidores oficiales de Apple facilitan&#8230;<\/p>\n","protected":false},"author":1,"featured_media":0,"comment_status":"open","ping_status":"open","sticky":false,"template":"","format":"standard","meta":{"footnotes":""},"categories":[8],"tags":[],"class_list":["post-60727","post","type-post","status-publish","format-standard","has-post-thumbnail","hentry","category-tecnologia"],"_links":{"self":[{"href":"https:\/\/masquenoticiastucuman.com.ar\/index.php?rest_route=\/wp\/v2\/posts\/60727","targetHints":{"allow":["GET"]}}],"collection":[{"href":"https:\/\/masquenoticiastucuman.com.ar\/index.php?rest_route=\/wp\/v2\/posts"}],"about":[{"href":"https:\/\/masquenoticiastucuman.com.ar\/index.php?rest_route=\/wp\/v2\/types\/post"}],"author":[{"embeddable":true,"href":"https:\/\/masquenoticiastucuman.com.ar\/index.php?rest_route=\/wp\/v2\/users\/1"}],"replies":[{"embeddable":true,"href":"https:\/\/masquenoticiastucuman.com.ar\/index.php?rest_route=%2Fwp%2Fv2%2Fcomments&post=60727"}],"version-history":[{"count":0,"href":"https:\/\/masquenoticiastucuman.com.ar\/index.php?rest_route=\/wp\/v2\/posts\/60727\/revisions"}],"wp:attachment":[{"href":"https:\/\/masquenoticiastucuman.com.ar\/index.php?rest_route=%2Fwp%2Fv2%2Fmedia&parent=60727"}],"wp:term":[{"taxonomy":"category","embeddable":true,"href":"https:\/\/masquenoticiastucuman.com.ar\/index.php?rest_route=%2Fwp%2Fv2%2Fcategories&post=60727"},{"taxonomy":"post_tag","embeddable":true,"href":"https:\/\/masquenoticiastucuman.com.ar\/index.php?rest_route=%2Fwp%2Fv2%2Ftags&post=60727"}],"curies":[{"name":"wp","href":"https:\/\/api.w.org\/{rel}","templated":true}]}}