{"id":60728,"date":"2026-04-17T08:04:06","date_gmt":"2026-04-17T11:04:06","guid":{"rendered":"https:\/\/masquenoticiastucuman.com.ar\/?p=60728"},"modified":"2026-04-17T08:04:07","modified_gmt":"2026-04-17T11:04:07","slug":"jaldo-no-vamos-a-seguir-tolerando-este-tipo-de-acciones-por-parte-de-los-estudiantes","status":"publish","type":"post","link":"https:\/\/masquenoticiastucuman.com.ar\/?p=60728","title":{"rendered":"Jaldo: &#8220;No vamos a seguir tolerando este tipo de acciones por parte de los estudiantes&#8221;"},"content":{"rendered":"\n<p>El titular del Ejecutivo tambi\u00e9n plante\u00f3 un abordaje integral de la situaci\u00f3n: \u201cLos padres tienen que hacerse cargo, los docentes acompa\u00f1ar y el Gobierno poner l\u00edmites\u201d<\/p>\n\n\n\n<p>El gobernador Osvaldo Jaldo, advirti\u00f3 que ante la proliferaci\u00f3n de amenazas de tiroteos en escuelas de la provincia &#8220;se aplicar\u00e1 en un 100% el Decreto que firm\u00f3 esta semana, reclam\u00f3 medidas firmes, pero plante\u00f3 un abordaje integral de la situaci\u00f3n.<\/p>\n\n\n\n<p>En di\u00e1logo con el multimedio La Gaceta el jefe de Estado provincial manifest\u00f3: \u201cNo vamos a seguir tolerando este tipo de acciones de parte de los estudiantes; hay que ponerles l\u00edmites a los chicos y eso es aplicar el 100% del decreto del Poder Ejecutivo\u201d, afirm\u00f3 el gobernador Osvaldo Jaldo ante la andanada de amenazas de tiroteos mediante pintadas en establecimientos escolares de la provincia.<\/p>\n\n\n\n<p><strong>&#8220;Es un delito&#8221;<\/strong><\/p>\n\n\n\n<p>En ese sentido el titular del PE asegur\u00f3: \u201cLo que est\u00e1n haciendo los chicos es un delito: decir que puede haber tiros es una amenaza, y eso es un delito. Y a los delitos les tiene que caer todo el peso de la ley\u201d, sostuvo, al tiempo que remarc\u00f3 que la normativa recientemente firmada refuerza ese criterio.<\/p>\n\n\n\n<p>Recordemos que el Gobernador firm\u00f3 el mi\u00e9rcoles el Decreto N\u00b0 772\/7 del Ministerio de Seguridad, que instruye a la cartera que conduce Eugenio Ag\u00fcero Gamboa y a la Polic\u00eda a intensificar acciones preventivas, de disuasi\u00f3n e intervenci\u00f3n dentro y fuera de las escuelas.<\/p>\n\n\n\n<p>La normativa tambi\u00e9n contempla la expulsi\u00f3n y aprehensi\u00f3n de alumnos involucrados en estos hechos, con eventual traslado al Instituto Padre Brochero, en Benjam\u00edn Paz. Adem\u00e1s, establece la responsabilidad de padres y tutores por la conducta de los menores y advierte que las instituciones podr\u00edan perder subsidios si no garantizan el cuidado de los estudiantes.<\/p>\n\n\n\n<p><em>\u201cLo que no se puede permitir es que los chicos sigan haciendo amenazas y generen preocupaci\u00f3n en los padres y complicaciones en la vida educativa\u201d. (Osvaldo Jaldo)<\/em><\/p>\n\n\n\n<p>Jaldo plante\u00f3 un abordaje integral: \u201cLos padres tienen que hacerse cargo, los docentes acompa\u00f1ar y el Gobierno poner l\u00edmites\u201d. Y agreg\u00f3: \u201cNo se puede seguir haciendo la vista gorda a la problem\u00e1tica que est\u00e1n viviendo los establecimientos educativos en Tucum\u00e1n\u201d, sostuvo a La Gaceta.<\/p>\n\n\n\n<p>Si bien consider\u00f3 v\u00e1lido el trabajo de los gabinetes pedag\u00f3gicos interdisciplinarios, fue cr\u00edtico sobre su efectividad: \u201cTodas las medidas de contenci\u00f3n son importantes, pero hay que ver c\u00f3mo se ven\u00eda trabajando. Claramente no est\u00e1 funcionando\u201d.<\/p>\n\n\n\n<p><strong>15 denuncias<\/strong><\/p>\n\n\n\n<p>Seg\u00fan precis\u00f3 Jaldo, hasta el momento se registraron al menos 15 denuncias en diferentes instituciones de la provincia con pintadas amenazantes en los ba\u00f1os de dichos establecimientos.<\/p>\n\n\n\n<p>\u201cLos responsables tienen que ser juzgados por la Justicia y llevados a Cura Brochero. Y los docentes, si no denuncian, se convierten en c\u00f3mplices. Tenemos que darle un corte a todo esto\u201d, enfatiz\u00f3 el titular del Poder Ejecutivo.<\/p>\n\n\n\n<p>Jaldo insisti\u00f3 en que el problema excede a la provincia, pero subray\u00f3 la responsabilidad local. \u201cLo que estamos viviendo en los establecimientos educativos excede los l\u00edmites de Tucum\u00e1n, pero como autoridades provinciales nos tenemos que preocupar por lo que pasa aqu\u00ed\u201d, afirm\u00f3.<\/p>\n\n\n\n<p><strong>Sanciones disciplinarias<\/strong><\/p>\n\n\n\n<p>El gobernador tambi\u00e9n se refiri\u00f3 a un caso reciente en Yerba Buena, donde un alumno de 13 a\u00f1os confes\u00f3 haber realizado una amenaza. \u201cA pesar de que es menor de edad y aunque tenga problemas, el colegio tiene que evaluar la expulsi\u00f3n. De nada sirve que produzcan semejante revuelo y que todo quede en nada\u201d,indic\u00f3 <\/p>\n\n\n\n<p><strong>Mayor presencia policial<\/strong><\/p>\n\n\n\n<p>Al concluir la entrevista, el Primer Mandatario adelant\u00f3 que se reforzar\u00e1 la presencia policial en las escuelas donde se detectaron amenazas, especialmente en aquellas consideradas de mayor riesgo. Incluso, se\u00f1al\u00f3 que los uniformados podr\u00edan recorrer los establecimientos junto a las autoridades educativas para prevenir nuevos episodios.<\/p>\n","protected":false},"excerpt":{"rendered":"<p>El titular del Ejecutivo tambi\u00e9n plante\u00f3 un abordaje integral de la situaci\u00f3n: \u201cLos padres tienen&#8230;<\/p>\n","protected":false},"author":2,"featured_media":60729,"comment_status":"open","ping_status":"open","sticky":false,"template":"","format":"standard","meta":{"footnotes":""},"categories":[2],"tags":[],"class_list":["post-60728","post","type-post","status-publish","format-standard","has-post-thumbnail","hentry","category-locales"],"_links":{"self":[{"href":"https:\/\/masquenoticiastucuman.com.ar\/index.php?rest_route=\/wp\/v2\/posts\/60728","targetHints":{"allow":["GET"]}}],"collection":[{"href":"https:\/\/masquenoticiastucuman.com.ar\/index.php?rest_route=\/wp\/v2\/posts"}],"about":[{"href":"https:\/\/masquenoticiastucuman.com.ar\/index.php?rest_route=\/wp\/v2\/types\/post"}],"author":[{"embeddable":true,"href":"https:\/\/masquenoticiastucuman.com.ar\/index.php?rest_route=\/wp\/v2\/users\/2"}],"replies":[{"embeddable":true,"href":"https:\/\/masquenoticiastucuman.com.ar\/index.php?rest_route=%2Fwp%2Fv2%2Fcomments&post=60728"}],"version-history":[{"count":1,"href":"https:\/\/masquenoticiastucuman.com.ar\/index.php?rest_route=\/wp\/v2\/posts\/60728\/revisions"}],"predecessor-version":[{"id":60730,"href":"https:\/\/masquenoticiastucuman.com.ar\/index.php?rest_route=\/wp\/v2\/posts\/60728\/revisions\/60730"}],"wp:featuredmedia":[{"embeddable":true,"href":"https:\/\/masquenoticiastucuman.com.ar\/index.php?rest_route=\/wp\/v2\/media\/60729"}],"wp:attachment":[{"href":"https:\/\/masquenoticiastucuman.com.ar\/index.php?rest_route=%2Fwp%2Fv2%2Fmedia&parent=60728"}],"wp:term":[{"taxonomy":"category","embeddable":true,"href":"https:\/\/masquenoticiastucuman.com.ar\/index.php?rest_route=%2Fwp%2Fv2%2Fcategories&post=60728"},{"taxonomy":"post_tag","embeddable":true,"href":"https:\/\/masquenoticiastucuman.com.ar\/index.php?rest_route=%2Fwp%2Fv2%2Ftags&post=60728"}],"curies":[{"name":"wp","href":"https:\/\/api.w.org\/{rel}","templated":true}]}}