{"id":60734,"date":"2026-04-17T08:39:23","date_gmt":"2026-04-17T11:39:23","guid":{"rendered":"http:\/\/masquenoticiastucuman.com.ar\/?p=60734"},"modified":"2026-04-17T08:39:23","modified_gmt":"2026-04-17T11:39:23","slug":"francisco-cerundolo-vs-alexander-zverev-en-vivo-por-el-atp-500-de-munich-el-argentino-busca-soprender-al-aleman-en-su-casa","status":"publish","type":"post","link":"https:\/\/masquenoticiastucuman.com.ar\/?p=60734","title":{"rendered":"Francisco Cer\u00fandolo vs Alexander Zverev, EN VIVO por el ATP 500 de M\u00fanich: el argentino busca soprender al alem\u00e1n en su casa"},"content":{"rendered":"<ul>\n<li>El porte\u00f1o, quinto preclasificado, enfrenta al m\u00e1ximo favorito del torneo.<\/li>\n<li>El ganador acceder\u00e1 a las semifinales del denominado BMW Open.<\/li>\n<li>El certamen forma parte de la gira de polvo de ladrillo camino a Roland Garros.<\/li>\n<\/ul>\n<p>\u200bEl porte\u00f1o, quinto preclasificado, enfrenta al m\u00e1ximo favorito del torneo.El ganador acceder\u00e1 a las semifinales del denominado BMW Open.El certamen forma parte de la gira de polvo de ladrillo camino a Roland Garros.\u00a0<a href=\"https:\/\/www.clarin.com\/deportes\/francisco-cerundolo-vs-alexander-zverev-vivo-atp-500-munich-argentino-busca-soprender-aleman-casa_0_Au72kmRYJg.html\" target=\"_blank\" class=\"feedzy-rss-link-icon\">Read More<\/a><\/p>","protected":false},"excerpt":{"rendered":"<p>El porte\u00f1o, quinto preclasificado, enfrenta al m\u00e1ximo favorito del torneo. El ganador acceder\u00e1 a las&#8230;<\/p>\n","protected":false},"author":1,"featured_media":0,"comment_status":"open","ping_status":"open","sticky":false,"template":"","format":"standard","meta":{"footnotes":""},"categories":[6],"tags":[],"class_list":["post-60734","post","type-post","status-publish","format-standard","has-post-thumbnail","hentry","category-deportes"],"_links":{"self":[{"href":"https:\/\/masquenoticiastucuman.com.ar\/index.php?rest_route=\/wp\/v2\/posts\/60734","targetHints":{"allow":["GET"]}}],"collection":[{"href":"https:\/\/masquenoticiastucuman.com.ar\/index.php?rest_route=\/wp\/v2\/posts"}],"about":[{"href":"https:\/\/masquenoticiastucuman.com.ar\/index.php?rest_route=\/wp\/v2\/types\/post"}],"author":[{"embeddable":true,"href":"https:\/\/masquenoticiastucuman.com.ar\/index.php?rest_route=\/wp\/v2\/users\/1"}],"replies":[{"embeddable":true,"href":"https:\/\/masquenoticiastucuman.com.ar\/index.php?rest_route=%2Fwp%2Fv2%2Fcomments&post=60734"}],"version-history":[{"count":0,"href":"https:\/\/masquenoticiastucuman.com.ar\/index.php?rest_route=\/wp\/v2\/posts\/60734\/revisions"}],"wp:attachment":[{"href":"https:\/\/masquenoticiastucuman.com.ar\/index.php?rest_route=%2Fwp%2Fv2%2Fmedia&parent=60734"}],"wp:term":[{"taxonomy":"category","embeddable":true,"href":"https:\/\/masquenoticiastucuman.com.ar\/index.php?rest_route=%2Fwp%2Fv2%2Fcategories&post=60734"},{"taxonomy":"post_tag","embeddable":true,"href":"https:\/\/masquenoticiastucuman.com.ar\/index.php?rest_route=%2Fwp%2Fv2%2Ftags&post=60734"}],"curies":[{"name":"wp","href":"https:\/\/api.w.org\/{rel}","templated":true}]}}