{"id":60735,"date":"2026-04-17T07:00:51","date_gmt":"2026-04-17T10:00:51","guid":{"rendered":"http:\/\/masquenoticiastucuman.com.ar\/?p=60735"},"modified":"2026-04-17T07:00:51","modified_gmt":"2026-04-17T10:00:51","slug":"fixture-del-mundial-2026-dias-y-horarios-de-todos-los-partidos-en-estados-unidos-mexico-y-canada","status":"publish","type":"post","link":"https:\/\/masquenoticiastucuman.com.ar\/?p=60735","title":{"rendered":"Fixture del Mundial 2026: d\u00edas y horarios de todos los partidos en Estados Unidos, M\u00e9xico y Canad\u00e1"},"content":{"rendered":"<ul>\n<li>La FIFA confirm\u00f3 el calendario completo de la Copa del Mundo, que se jugar\u00e1 en Norteam\u00e9rica.<\/li>\n<li>Cu\u00e1ndo empieza el torneo, c\u00f3mo es el nuevo formato y a qu\u00e9 hora juega la Selecci\u00f3n Argentina.<\/li>\n<\/ul>\n<p>\u200bLa FIFA confirm\u00f3 el calendario completo de la Copa del Mundo, que se jugar\u00e1 en Norteam\u00e9rica.Cu\u00e1ndo empieza el torneo, c\u00f3mo es el nuevo formato y a qu\u00e9 hora juega la Selecci\u00f3n Argentina.\u00a0<a href=\"https:\/\/www.clarin.com\/deportes\/fixture-mundial-2026-dias-horarios-partidos-estados-unidos-mexico-canada_0_tWmRXg1YCh.html\" target=\"_blank\" class=\"feedzy-rss-link-icon\">Read More<\/a><\/p>","protected":false},"excerpt":{"rendered":"<p>La FIFA confirm\u00f3 el calendario completo de la Copa del Mundo, que se jugar\u00e1 en&#8230;<\/p>\n","protected":false},"author":1,"featured_media":0,"comment_status":"open","ping_status":"open","sticky":false,"template":"","format":"standard","meta":{"footnotes":""},"categories":[6],"tags":[],"class_list":["post-60735","post","type-post","status-publish","format-standard","has-post-thumbnail","hentry","category-deportes"],"_links":{"self":[{"href":"https:\/\/masquenoticiastucuman.com.ar\/index.php?rest_route=\/wp\/v2\/posts\/60735","targetHints":{"allow":["GET"]}}],"collection":[{"href":"https:\/\/masquenoticiastucuman.com.ar\/index.php?rest_route=\/wp\/v2\/posts"}],"about":[{"href":"https:\/\/masquenoticiastucuman.com.ar\/index.php?rest_route=\/wp\/v2\/types\/post"}],"author":[{"embeddable":true,"href":"https:\/\/masquenoticiastucuman.com.ar\/index.php?rest_route=\/wp\/v2\/users\/1"}],"replies":[{"embeddable":true,"href":"https:\/\/masquenoticiastucuman.com.ar\/index.php?rest_route=%2Fwp%2Fv2%2Fcomments&post=60735"}],"version-history":[{"count":0,"href":"https:\/\/masquenoticiastucuman.com.ar\/index.php?rest_route=\/wp\/v2\/posts\/60735\/revisions"}],"wp:attachment":[{"href":"https:\/\/masquenoticiastucuman.com.ar\/index.php?rest_route=%2Fwp%2Fv2%2Fmedia&parent=60735"}],"wp:term":[{"taxonomy":"category","embeddable":true,"href":"https:\/\/masquenoticiastucuman.com.ar\/index.php?rest_route=%2Fwp%2Fv2%2Fcategories&post=60735"},{"taxonomy":"post_tag","embeddable":true,"href":"https:\/\/masquenoticiastucuman.com.ar\/index.php?rest_route=%2Fwp%2Fv2%2Ftags&post=60735"}],"curies":[{"name":"wp","href":"https:\/\/api.w.org\/{rel}","templated":true}]}}