{"id":60736,"date":"2026-04-17T11:03:02","date_gmt":"2026-04-17T14:03:02","guid":{"rendered":"https:\/\/masquenoticiastucuman.com.ar\/?p=60736"},"modified":"2026-04-17T11:03:02","modified_gmt":"2026-04-17T14:03:02","slug":"caponio-el-acueducto-de-vipos-fue-adjudicado-para-su-construccion-y-beneficiara-a-250-000-tucumanos","status":"publish","type":"post","link":"https:\/\/masquenoticiastucuman.com.ar\/?p=60736","title":{"rendered":"Caponio: el acueducto de Vipos fue adjudicado para su construcci\u00f3n y beneficiar\u00e1 a 250.000 tucumanos"},"content":{"rendered":"\n<p>El titular de la SAT se refiri\u00f3 a la adjudicaci\u00f3n para su construcci\u00f3n con un monto de inversi\u00f3n de $180 mil y destac\u00f3 las gestiones del mandatario tucumano, Osvaldo Jaldo.<\/p>\n\n\n\n<p>El titular de la Sociedad Aguas del Tucum\u00e1n (SAT),&nbsp;<strong>Marcelo Caponio,<\/strong>&nbsp;inform\u00f3 sobre la firma del acta de adjudicaci\u00f3n para la construcci\u00f3n del nuevo acueducto de Vipos, que se concret\u00f3 en el Ministerio de Economia de la Nacion con la participaci\u00f3n del gobernador Osvaldo Jaldo ; el titular de la cartera econ\u00f3mica federal, Luis Caputo;&nbsp;<strong>&nbsp;<\/strong>el ministro de Econom\u00eda de la Provincia,&nbsp;<strong>Daniel Abad<\/strong>; el secretario Coordinador de Infraestructura del Ministerio de Econom\u00eda de la Naci\u00f3n,&nbsp;<strong>Carlos Frugoni<\/strong>; el subsecretario de Recursos H\u00eddricos de la Secretar\u00eda de Obras P\u00fablicas del Ministerio de Econom\u00eda de la Naci\u00f3n<strong>, Bartolom\u00e9<\/strong>&nbsp;<strong>Heredia<\/strong>; el director Nacional de Ejecuci\u00f3n de Obras,&nbsp;<strong>Vicente Heredia<\/strong>; y el titular de la empresa de aguas y cloacas tucumanas.<\/p>\n\n\n\n<p>El funcionario destac\u00f3 el alcance del proyecto y su impacto en la provincia. En ese sentido, expres\u00f3: \u201cla verdad que una noticia muy importante. El martes pasado hubo una reuni\u00f3n important\u00edsima en el Ministerio de Econom\u00eda de la Naci\u00f3n donde se firm\u00f3 el acta de adjudicaci\u00f3n a la empresa que va a realizar esta obra esta tan valiosa para los tucumanos que es la del nuevo acueducto de Vipos\u201d.<\/p>\n\n\n\n<p>Caponio indic\u00f3 que el proyecto form\u00f3 parte de una planificaci\u00f3n sostenida en el tiempo y resalt\u00f3 el rol de la gesti\u00f3n provincial: \u201chay que resaltar que es la obra m\u00e1s importante en esta materia de los \u00faltimos cincuenta a\u00f1os de la Argentina, lo manifest\u00f3 Caputo. Es una obra que ha conseguido el gobernador Osvaldo Jaldo, gracias a las gestiones que hizo a nivel nacional. Esta obra, la provincia la ven\u00eda gestionando hace catorce a\u00f1os. Es el tercer gobierno que gestiona este tipo de obras, y fue el gobernador Osvaldo Jaldo el que la consigui\u00f3 gracias a su gesti\u00f3n, gracias al di\u00e1logo institucional que tiene con el Gobierno nacional. Podemos decir que va a ser una realidad para el Tucum\u00e1n\u201d.<\/p>\n\n\n\n<p>Sobre las caracter\u00edsticas t\u00e9cnicas, detall\u00f3: \u201ces un nuevo acueducto de 50 km que va a triplicar la capacidad. Se va a realizar una planta potabilizadora en Vipos. Va a proveer agua este acueducto a las localidades de Tapia y se van a hacer dos reservas en el municipio de Taf\u00ed Viejo. Se va a proveer agua a la localidad de Cebil Redondo y a San Miguel de Tucum\u00e1n\u201d.<\/p>\n\n\n\n<p>El titular de la SAT precis\u00f3 el alcance social de la iniciativa: \u201cVa a beneficiar a doscientos cincuenta mil tucumanos\u201d.<\/p>\n\n\n\n<p>Asimismo, inform\u00f3 sobre la inversi\u00f3n y los plazos previstos: \u201cLa inversi\u00f3n de este nuevo acueducto es de ciento ochenta mil millones de pesos, casi ciento cincuenta millones de d\u00f3lares. Por eso es que la obra h\u00eddrica m\u00e1s importante de los \u00faltimos cincuenta a\u00f1os de la Rep\u00fablica Argentina. Se la ha conseguido gracias a las gestiones del gobernador Osvaldo Jaldo que est\u00e1 preocupado por los problemas de los tucumanos. En materia de provisi\u00f3n de agua potable, es pol\u00edtica de estado del gobierno de Osvaldo Jaldo solucionar este tema\u201d.<\/p>\n\n\n\n<p>En relaci\u00f3n con la ejecuci\u00f3n, agreg\u00f3: \u201ces una noticia muy buena para los tucumanos, que va a ser a partir de la firma del contrato que se va a realizar a fines de abril, conforme manifest\u00f3 el ministro de de econom\u00eda, Luis Caputo, el plazo de obra es de treinta y seis meses\u201d.<\/p>\n\n\n\n<p><strong>Clientes<\/strong><\/p>\n\n\n\n<p>Por otro lado, Caponio se refiri\u00f3 a la situaci\u00f3n de la morosidad en el servicio y convoc\u00f3 al cumplimiento de las obligaciones por parte de los usuarios: \u201cNosotros necesitamos que los clientes abonen el agua. La boleta del agua es el servicio m\u00e1s barato de todos los servicios que se prestan a los ciudadanos, es m\u00e1s barato que la provisi\u00f3n de gas y de energ\u00eda, que las mismas boletas de Internet\u201d.<\/p>\n\n\n\n<p>Finalmente, precis\u00f3 los indicadores actuales: \u201cHoy, en promedio la tarifa plana es veintis\u00e9is mil pesos y la tarifa social, diez mil pesos. La morosidad sigue siendo alta, es del cuarenta por ciento, el sesenta por ciento de los clientes abona la boleta regularmente. Y necesitamos que hagan los esfuerzos los tucumanos porque esta es una empresa que no tiene fines de lucro y todo lo que se recaude en la SAT vuelven en obras para los tucumanos. Todas las obras que se han hecho al d\u00eda de la fecha son con fondos de la provincia de Tucum\u00e1n\u201d.<\/p>\n","protected":false},"excerpt":{"rendered":"<p>El titular de la SAT se refiri\u00f3 a la adjudicaci\u00f3n para su construcci\u00f3n con un&#8230;<\/p>\n","protected":false},"author":2,"featured_media":60737,"comment_status":"open","ping_status":"open","sticky":false,"template":"","format":"standard","meta":{"footnotes":""},"categories":[2],"tags":[],"class_list":["post-60736","post","type-post","status-publish","format-standard","has-post-thumbnail","hentry","category-locales"],"_links":{"self":[{"href":"https:\/\/masquenoticiastucuman.com.ar\/index.php?rest_route=\/wp\/v2\/posts\/60736","targetHints":{"allow":["GET"]}}],"collection":[{"href":"https:\/\/masquenoticiastucuman.com.ar\/index.php?rest_route=\/wp\/v2\/posts"}],"about":[{"href":"https:\/\/masquenoticiastucuman.com.ar\/index.php?rest_route=\/wp\/v2\/types\/post"}],"author":[{"embeddable":true,"href":"https:\/\/masquenoticiastucuman.com.ar\/index.php?rest_route=\/wp\/v2\/users\/2"}],"replies":[{"embeddable":true,"href":"https:\/\/masquenoticiastucuman.com.ar\/index.php?rest_route=%2Fwp%2Fv2%2Fcomments&post=60736"}],"version-history":[{"count":1,"href":"https:\/\/masquenoticiastucuman.com.ar\/index.php?rest_route=\/wp\/v2\/posts\/60736\/revisions"}],"predecessor-version":[{"id":60738,"href":"https:\/\/masquenoticiastucuman.com.ar\/index.php?rest_route=\/wp\/v2\/posts\/60736\/revisions\/60738"}],"wp:featuredmedia":[{"embeddable":true,"href":"https:\/\/masquenoticiastucuman.com.ar\/index.php?rest_route=\/wp\/v2\/media\/60737"}],"wp:attachment":[{"href":"https:\/\/masquenoticiastucuman.com.ar\/index.php?rest_route=%2Fwp%2Fv2%2Fmedia&parent=60736"}],"wp:term":[{"taxonomy":"category","embeddable":true,"href":"https:\/\/masquenoticiastucuman.com.ar\/index.php?rest_route=%2Fwp%2Fv2%2Fcategories&post=60736"},{"taxonomy":"post_tag","embeddable":true,"href":"https:\/\/masquenoticiastucuman.com.ar\/index.php?rest_route=%2Fwp%2Fv2%2Ftags&post=60736"}],"curies":[{"name":"wp","href":"https:\/\/api.w.org\/{rel}","templated":true}]}}