{"id":60739,"date":"2026-04-17T11:05:11","date_gmt":"2026-04-17T14:05:11","guid":{"rendered":"http:\/\/masquenoticiastucuman.com.ar\/?p=60739"},"modified":"2026-04-17T11:05:11","modified_gmt":"2026-04-17T14:05:11","slug":"el-gobierno-reforma-el-sistema-de-aduana-en-factoria-que-cambia-y-como-podran-usarla-mas-empresas-industriales","status":"publish","type":"post","link":"https:\/\/masquenoticiastucuman.com.ar\/?p=60739","title":{"rendered":"El Gobierno reforma el sistema de Aduana en Factor\u00eda: qu\u00e9 cambia y c\u00f3mo podr\u00e1n usarla m\u00e1s empresas industriales"},"content":{"rendered":"<ul>\n<li>Hasta ahora el sistema era usado casi \u00fanicamente por la industria automotriz.<\/li>\n<li>Se eliminan trabas de ingreso, se habilita la incorporaci\u00f3n de proveedores asociados y se cambia el sistema de garant\u00edas.<\/li>\n<\/ul>\n<p>\u200bHasta ahora el sistema era usado casi \u00fanicamente por la industria automotriz.Se eliminan trabas de ingreso, se habilita la incorporaci\u00f3n de proveedores asociados y se cambia el sistema de garant\u00edas.\u00a0<a href=\"https:\/\/www.clarin.com\/economia\/gobierno-reforma-sistema-aduana-factoria-cambia-podran-usarla-empresas-industriales_0_DZPTey0z8P.html\" target=\"_blank\" class=\"feedzy-rss-link-icon\">Read More<\/a><\/p>","protected":false},"excerpt":{"rendered":"<p>Hasta ahora el sistema era usado casi \u00fanicamente por la industria automotriz. Se eliminan trabas&#8230;<\/p>\n","protected":false},"author":1,"featured_media":0,"comment_status":"open","ping_status":"open","sticky":false,"template":"","format":"standard","meta":{"footnotes":""},"categories":[3],"tags":[],"class_list":["post-60739","post","type-post","status-publish","format-standard","has-post-thumbnail","hentry","category-nacionales"],"_links":{"self":[{"href":"https:\/\/masquenoticiastucuman.com.ar\/index.php?rest_route=\/wp\/v2\/posts\/60739","targetHints":{"allow":["GET"]}}],"collection":[{"href":"https:\/\/masquenoticiastucuman.com.ar\/index.php?rest_route=\/wp\/v2\/posts"}],"about":[{"href":"https:\/\/masquenoticiastucuman.com.ar\/index.php?rest_route=\/wp\/v2\/types\/post"}],"author":[{"embeddable":true,"href":"https:\/\/masquenoticiastucuman.com.ar\/index.php?rest_route=\/wp\/v2\/users\/1"}],"replies":[{"embeddable":true,"href":"https:\/\/masquenoticiastucuman.com.ar\/index.php?rest_route=%2Fwp%2Fv2%2Fcomments&post=60739"}],"version-history":[{"count":0,"href":"https:\/\/masquenoticiastucuman.com.ar\/index.php?rest_route=\/wp\/v2\/posts\/60739\/revisions"}],"wp:attachment":[{"href":"https:\/\/masquenoticiastucuman.com.ar\/index.php?rest_route=%2Fwp%2Fv2%2Fmedia&parent=60739"}],"wp:term":[{"taxonomy":"category","embeddable":true,"href":"https:\/\/masquenoticiastucuman.com.ar\/index.php?rest_route=%2Fwp%2Fv2%2Fcategories&post=60739"},{"taxonomy":"post_tag","embeddable":true,"href":"https:\/\/masquenoticiastucuman.com.ar\/index.php?rest_route=%2Fwp%2Fv2%2Ftags&post=60739"}],"curies":[{"name":"wp","href":"https:\/\/api.w.org\/{rel}","templated":true}]}}