{"id":60741,"date":"2026-04-17T10:09:50","date_gmt":"2026-04-17T13:09:50","guid":{"rendered":"http:\/\/masquenoticiastucuman.com.ar\/?p=60741"},"modified":"2026-04-17T10:09:50","modified_gmt":"2026-04-17T13:09:50","slug":"guerra-en-medio-oriente-iran-y-trump-anuncian-la-reapertura-completa-del-estrecho-de-ormuz","status":"publish","type":"post","link":"https:\/\/masquenoticiastucuman.com.ar\/?p=60741","title":{"rendered":"Guerra en Medio Oriente: Ir\u00e1n y Trump anuncian la reapertura &#8220;completa&#8221; del estrecho de Ormuz"},"content":{"rendered":"<ul>\n<li>Todos los barcos podr\u00e1n circular libremente por el paso durante el resto del per\u00edodo de tregua en L\u00edbano.<\/li>\n<li>Sin embargo, Estados Unidos mantendr\u00e1 el bloqueo sobre barcos iran\u00edes en el Golfo.<\/li>\n<\/ul>\n<p>\u200bTodos los barcos podr\u00e1n circular libremente por el paso durante el resto del per\u00edodo de tregua en L\u00edbano.Sin embargo, Estados Unidos mantendr\u00e1 el bloqueo sobre barcos iran\u00edes en el Golfo.\u00a0<a href=\"https:\/\/www.clarin.com\/mundo\/iran-anuncia-reapertura-estrecho-ormuz-alto-fuego_0_hI1VbvBzcN.html\" target=\"_blank\" class=\"feedzy-rss-link-icon\">Read More<\/a><\/p>","protected":false},"excerpt":{"rendered":"<p>Todos los barcos podr\u00e1n circular libremente por el paso durante el resto del per\u00edodo de&#8230;<\/p>\n","protected":false},"author":1,"featured_media":60742,"comment_status":"open","ping_status":"open","sticky":false,"template":"","format":"standard","meta":{"footnotes":""},"categories":[4],"tags":[],"class_list":["post-60741","post","type-post","status-publish","format-standard","has-post-thumbnail","hentry","category-internacionales"],"_links":{"self":[{"href":"https:\/\/masquenoticiastucuman.com.ar\/index.php?rest_route=\/wp\/v2\/posts\/60741","targetHints":{"allow":["GET"]}}],"collection":[{"href":"https:\/\/masquenoticiastucuman.com.ar\/index.php?rest_route=\/wp\/v2\/posts"}],"about":[{"href":"https:\/\/masquenoticiastucuman.com.ar\/index.php?rest_route=\/wp\/v2\/types\/post"}],"author":[{"embeddable":true,"href":"https:\/\/masquenoticiastucuman.com.ar\/index.php?rest_route=\/wp\/v2\/users\/1"}],"replies":[{"embeddable":true,"href":"https:\/\/masquenoticiastucuman.com.ar\/index.php?rest_route=%2Fwp%2Fv2%2Fcomments&post=60741"}],"version-history":[{"count":0,"href":"https:\/\/masquenoticiastucuman.com.ar\/index.php?rest_route=\/wp\/v2\/posts\/60741\/revisions"}],"wp:featuredmedia":[{"embeddable":true,"href":"https:\/\/masquenoticiastucuman.com.ar\/index.php?rest_route=\/wp\/v2\/media\/60742"}],"wp:attachment":[{"href":"https:\/\/masquenoticiastucuman.com.ar\/index.php?rest_route=%2Fwp%2Fv2%2Fmedia&parent=60741"}],"wp:term":[{"taxonomy":"category","embeddable":true,"href":"https:\/\/masquenoticiastucuman.com.ar\/index.php?rest_route=%2Fwp%2Fv2%2Fcategories&post=60741"},{"taxonomy":"post_tag","embeddable":true,"href":"https:\/\/masquenoticiastucuman.com.ar\/index.php?rest_route=%2Fwp%2Fv2%2Ftags&post=60741"}],"curies":[{"name":"wp","href":"https:\/\/api.w.org\/{rel}","templated":true}]}}