{"id":60743,"date":"2026-04-17T10:06:10","date_gmt":"2026-04-17T13:06:10","guid":{"rendered":"http:\/\/masquenoticiastucuman.com.ar\/?p=60743"},"modified":"2026-04-17T10:06:10","modified_gmt":"2026-04-17T13:06:10","slug":"edmundo-gonzalez-ausente-en-la-cita-de-corina-machado-con-venezolanos-en-madrid-esta-hospitalizado","status":"publish","type":"post","link":"https:\/\/masquenoticiastucuman.com.ar\/?p=60743","title":{"rendered":"Edmundo Gonz\u00e1lez, ausente en la cita de Corina Machado con venezolanos en Madrid: est\u00e1 hospitalizado"},"content":{"rendered":"<ul>\n<li>En marzo fue operado de la cadera y habr\u00eda tenido complicaciones.<\/li>\n<li>Machado se reunir\u00e1 el s\u00e1bado con la comunidad venezolana, en el marco de una gira por Europa.<\/li>\n<\/ul>\n<p>\u200bEn marzo fue operado de la cadera y habr\u00eda tenido complicaciones.Machado se reunir\u00e1 el s\u00e1bado con la comunidad venezolana, en el marco de una gira por Europa.\u00a0<a href=\"https:\/\/www.clarin.com\/mundo\/edmundo-gonzalez-ausente-cita-corina-machado-venezolanos-madrid-hospitalizado_0_OoWHyeF0W4.html\" target=\"_blank\" class=\"feedzy-rss-link-icon\">Read More<\/a><\/p>","protected":false},"excerpt":{"rendered":"<p>En marzo fue operado de la cadera y habr\u00eda tenido complicaciones. Machado se reunir\u00e1 el&#8230;<\/p>\n","protected":false},"author":1,"featured_media":60744,"comment_status":"open","ping_status":"open","sticky":false,"template":"","format":"standard","meta":{"footnotes":""},"categories":[4],"tags":[],"class_list":["post-60743","post","type-post","status-publish","format-standard","has-post-thumbnail","hentry","category-internacionales"],"_links":{"self":[{"href":"https:\/\/masquenoticiastucuman.com.ar\/index.php?rest_route=\/wp\/v2\/posts\/60743","targetHints":{"allow":["GET"]}}],"collection":[{"href":"https:\/\/masquenoticiastucuman.com.ar\/index.php?rest_route=\/wp\/v2\/posts"}],"about":[{"href":"https:\/\/masquenoticiastucuman.com.ar\/index.php?rest_route=\/wp\/v2\/types\/post"}],"author":[{"embeddable":true,"href":"https:\/\/masquenoticiastucuman.com.ar\/index.php?rest_route=\/wp\/v2\/users\/1"}],"replies":[{"embeddable":true,"href":"https:\/\/masquenoticiastucuman.com.ar\/index.php?rest_route=%2Fwp%2Fv2%2Fcomments&post=60743"}],"version-history":[{"count":0,"href":"https:\/\/masquenoticiastucuman.com.ar\/index.php?rest_route=\/wp\/v2\/posts\/60743\/revisions"}],"wp:featuredmedia":[{"embeddable":true,"href":"https:\/\/masquenoticiastucuman.com.ar\/index.php?rest_route=\/wp\/v2\/media\/60744"}],"wp:attachment":[{"href":"https:\/\/masquenoticiastucuman.com.ar\/index.php?rest_route=%2Fwp%2Fv2%2Fmedia&parent=60743"}],"wp:term":[{"taxonomy":"category","embeddable":true,"href":"https:\/\/masquenoticiastucuman.com.ar\/index.php?rest_route=%2Fwp%2Fv2%2Fcategories&post=60743"},{"taxonomy":"post_tag","embeddable":true,"href":"https:\/\/masquenoticiastucuman.com.ar\/index.php?rest_route=%2Fwp%2Fv2%2Ftags&post=60743"}],"curies":[{"name":"wp","href":"https:\/\/api.w.org\/{rel}","templated":true}]}}