{"id":60746,"date":"2026-04-17T10:54:45","date_gmt":"2026-04-17T13:54:45","guid":{"rendered":"http:\/\/masquenoticiastucuman.com.ar\/?p=60746"},"modified":"2026-04-17T10:54:45","modified_gmt":"2026-04-17T13:54:45","slug":"mateo-retegui-de-quedarse-sin-mundial-con-italia-a-una-fractura-de-tibia-en-arabia-saudita-que-lo-saca-del-torneo","status":"publish","type":"post","link":"https:\/\/masquenoticiastucuman.com.ar\/?p=60746","title":{"rendered":"Mateo Retegui, de quedarse sin Mundial con Italia a una fractura de tibia en Arabia Saudita que lo saca del torneo"},"content":{"rendered":"<ul>\n<li>El futbolista argentino que apost\u00f3 por la Azzurra vivi\u00f3 un mes para el olvido.<\/li>\n<li>Hace poco no pudo hacer nada en el repachaje contra Bosnia y Herzegovina.<\/li>\n<li>Ahora sufri\u00f3 una lesi\u00f3n con el Al-Qadisiyah que lo obliga a pasar por el quir\u00f3fano.<\/li>\n<\/ul>\n<p>\u200bEl futbolista argentino que apost\u00f3 por la Azzurra vivi\u00f3 un mes para el olvido.Hace poco no pudo hacer nada en el repachaje contra Bosnia y Herzegovina.Ahora sufri\u00f3 una lesi\u00f3n con el Al-Qadisiyah que lo obliga a pasar por el quir\u00f3fano.\u00a0<a href=\"https:\/\/www.clarin.com\/deportes\/mateo-retegui-quedarse-mundial-italia-fractura-tibia-arabia-saudita-saca-torneo_0_OCLdwBDEkK.html\" target=\"_blank\" class=\"feedzy-rss-link-icon\">Read More<\/a><\/p>","protected":false},"excerpt":{"rendered":"<p>El futbolista argentino que apost\u00f3 por la Azzurra vivi\u00f3 un mes para el olvido. Hace&#8230;<\/p>\n","protected":false},"author":1,"featured_media":0,"comment_status":"open","ping_status":"open","sticky":false,"template":"","format":"standard","meta":{"footnotes":""},"categories":[6],"tags":[],"class_list":["post-60746","post","type-post","status-publish","format-standard","has-post-thumbnail","hentry","category-deportes"],"_links":{"self":[{"href":"https:\/\/masquenoticiastucuman.com.ar\/index.php?rest_route=\/wp\/v2\/posts\/60746","targetHints":{"allow":["GET"]}}],"collection":[{"href":"https:\/\/masquenoticiastucuman.com.ar\/index.php?rest_route=\/wp\/v2\/posts"}],"about":[{"href":"https:\/\/masquenoticiastucuman.com.ar\/index.php?rest_route=\/wp\/v2\/types\/post"}],"author":[{"embeddable":true,"href":"https:\/\/masquenoticiastucuman.com.ar\/index.php?rest_route=\/wp\/v2\/users\/1"}],"replies":[{"embeddable":true,"href":"https:\/\/masquenoticiastucuman.com.ar\/index.php?rest_route=%2Fwp%2Fv2%2Fcomments&post=60746"}],"version-history":[{"count":0,"href":"https:\/\/masquenoticiastucuman.com.ar\/index.php?rest_route=\/wp\/v2\/posts\/60746\/revisions"}],"wp:attachment":[{"href":"https:\/\/masquenoticiastucuman.com.ar\/index.php?rest_route=%2Fwp%2Fv2%2Fmedia&parent=60746"}],"wp:term":[{"taxonomy":"category","embeddable":true,"href":"https:\/\/masquenoticiastucuman.com.ar\/index.php?rest_route=%2Fwp%2Fv2%2Fcategories&post=60746"},{"taxonomy":"post_tag","embeddable":true,"href":"https:\/\/masquenoticiastucuman.com.ar\/index.php?rest_route=%2Fwp%2Fv2%2Ftags&post=60746"}],"curies":[{"name":"wp","href":"https:\/\/api.w.org\/{rel}","templated":true}]}}