{"id":60748,"date":"2026-04-17T12:35:26","date_gmt":"2026-04-17T15:35:26","guid":{"rendered":"http:\/\/masquenoticiastucuman.com.ar\/?p=60748"},"modified":"2026-04-17T12:35:26","modified_gmt":"2026-04-17T15:35:26","slug":"marcos-rojo-hablo-tras-la-expulsion-con-river-y-le-pidio-perdon-a-racing-pero-se-quejo-cuando-me-equivoco-yo-todos-piden-mi-cabeza","status":"publish","type":"post","link":"https:\/\/masquenoticiastucuman.com.ar\/?p=60748","title":{"rendered":"Marcos Rojo habl\u00f3 tras la expulsi\u00f3n con River y le pidi\u00f3 perd\u00f3n a Racing pero se quej\u00f3: &#8220;Cuando me equivoco yo, todos piden mi cabeza&#8221;"},"content":{"rendered":"<ul>\n<li>El defensor cometi\u00f3 un error en el gol del equipo de Coudet y termin\u00f3 dejando a su equipo con 10.<\/li>\n<li>El episodio se suma a los antecedentes que acumul\u00f3 con la camiseta de Boca.<\/li>\n<li>Le dieron cuatro fechas porque tras ver la tarjeta roja insult\u00f3 al \u00e1rbitro del cl\u00e1sico en Avellenada. <\/li>\n<\/ul>\n<p>\u200bEl defensor cometi\u00f3 un error en el gol del equipo de Coudet y termin\u00f3 dejando a su equipo con 10.El episodio se suma a los antecedentes que acumul\u00f3 con la camiseta de Boca.Le dieron cuatro fechas porque tras ver la tarjeta roja insult\u00f3 al \u00e1rbitro del cl\u00e1sico en Avellenada.\u00a0<a href=\"https:\/\/www.clarin.com\/deportes\/marcos-rojo-hablo-expulsion-river-pidio-perdon-racing-quejo-equivoco-piden-cabeza_0_JjvpaWwIva.html\" target=\"_blank\" class=\"feedzy-rss-link-icon\">Read More<\/a><\/p>","protected":false},"excerpt":{"rendered":"<p>El defensor cometi\u00f3 un error en el gol del equipo de Coudet y termin\u00f3 dejando&#8230;<\/p>\n","protected":false},"author":1,"featured_media":0,"comment_status":"open","ping_status":"open","sticky":false,"template":"","format":"standard","meta":{"footnotes":""},"categories":[6],"tags":[],"class_list":["post-60748","post","type-post","status-publish","format-standard","has-post-thumbnail","hentry","category-deportes"],"_links":{"self":[{"href":"https:\/\/masquenoticiastucuman.com.ar\/index.php?rest_route=\/wp\/v2\/posts\/60748","targetHints":{"allow":["GET"]}}],"collection":[{"href":"https:\/\/masquenoticiastucuman.com.ar\/index.php?rest_route=\/wp\/v2\/posts"}],"about":[{"href":"https:\/\/masquenoticiastucuman.com.ar\/index.php?rest_route=\/wp\/v2\/types\/post"}],"author":[{"embeddable":true,"href":"https:\/\/masquenoticiastucuman.com.ar\/index.php?rest_route=\/wp\/v2\/users\/1"}],"replies":[{"embeddable":true,"href":"https:\/\/masquenoticiastucuman.com.ar\/index.php?rest_route=%2Fwp%2Fv2%2Fcomments&post=60748"}],"version-history":[{"count":0,"href":"https:\/\/masquenoticiastucuman.com.ar\/index.php?rest_route=\/wp\/v2\/posts\/60748\/revisions"}],"wp:attachment":[{"href":"https:\/\/masquenoticiastucuman.com.ar\/index.php?rest_route=%2Fwp%2Fv2%2Fmedia&parent=60748"}],"wp:term":[{"taxonomy":"category","embeddable":true,"href":"https:\/\/masquenoticiastucuman.com.ar\/index.php?rest_route=%2Fwp%2Fv2%2Fcategories&post=60748"},{"taxonomy":"post_tag","embeddable":true,"href":"https:\/\/masquenoticiastucuman.com.ar\/index.php?rest_route=%2Fwp%2Fv2%2Ftags&post=60748"}],"curies":[{"name":"wp","href":"https:\/\/api.w.org\/{rel}","templated":true}]}}