{"id":60749,"date":"2026-04-17T12:12:09","date_gmt":"2026-04-17T15:12:09","guid":{"rendered":"http:\/\/masquenoticiastucuman.com.ar\/?p=60749"},"modified":"2026-04-17T12:12:09","modified_gmt":"2026-04-17T15:12:09","slug":"bombazo-con-la-tv-en-el-mundial-2026-disney-y-espn-daran-30-partidos-con-su-plan-premium-incluidos-los-de-la-seleccion-y-la-final","status":"publish","type":"post","link":"https:\/\/masquenoticiastucuman.com.ar\/?p=60749","title":{"rendered":"Bombazo con la TV en el Mundial 2026: Disney+ y ESPN dar\u00e1n 30 partidos con su plan premium, incluidos los de la Selecci\u00f3n y la final"},"content":{"rendered":"<ul>\n<li>La cadena estadounidense lleg\u00f3 a un acuerdo para pasar la Copa en Sudam\u00e9rica.<\/li>\n<li>La cobertura a trav\u00e9s de su servicio premium ofrecer\u00e1 una programaci\u00f3n las 24 horas.<\/li>\n<li>El acuerdo se extiende a otros pa\u00edses de Sudam\u00e9rica como Uruguay, Colombia y Chile.<\/li>\n<\/ul>\n<p>\u200bLa cadena estadounidense lleg\u00f3 a un acuerdo para pasar la Copa en Sudam\u00e9rica.La cobertura a trav\u00e9s de su servicio premium ofrecer\u00e1 una programaci\u00f3n las 24 horas.El acuerdo se extiende a otros pa\u00edses de Sudam\u00e9rica como Uruguay, Colombia y Chile.\u00a0<a href=\"https:\/\/www.clarin.com\/deportes\/bombazo-tv-mundial-2026-disney-espn-daran-30-partidos-plan-premium-incluidos-seleccion-final_0_CeJVOLfrGQ.html\" target=\"_blank\" class=\"feedzy-rss-link-icon\">Read More<\/a><\/p>","protected":false},"excerpt":{"rendered":"<p>La cadena estadounidense lleg\u00f3 a un acuerdo para pasar la Copa en Sudam\u00e9rica. La cobertura&#8230;<\/p>\n","protected":false},"author":1,"featured_media":0,"comment_status":"open","ping_status":"open","sticky":false,"template":"","format":"standard","meta":{"footnotes":""},"categories":[6],"tags":[],"class_list":["post-60749","post","type-post","status-publish","format-standard","has-post-thumbnail","hentry","category-deportes"],"_links":{"self":[{"href":"https:\/\/masquenoticiastucuman.com.ar\/index.php?rest_route=\/wp\/v2\/posts\/60749","targetHints":{"allow":["GET"]}}],"collection":[{"href":"https:\/\/masquenoticiastucuman.com.ar\/index.php?rest_route=\/wp\/v2\/posts"}],"about":[{"href":"https:\/\/masquenoticiastucuman.com.ar\/index.php?rest_route=\/wp\/v2\/types\/post"}],"author":[{"embeddable":true,"href":"https:\/\/masquenoticiastucuman.com.ar\/index.php?rest_route=\/wp\/v2\/users\/1"}],"replies":[{"embeddable":true,"href":"https:\/\/masquenoticiastucuman.com.ar\/index.php?rest_route=%2Fwp%2Fv2%2Fcomments&post=60749"}],"version-history":[{"count":0,"href":"https:\/\/masquenoticiastucuman.com.ar\/index.php?rest_route=\/wp\/v2\/posts\/60749\/revisions"}],"wp:attachment":[{"href":"https:\/\/masquenoticiastucuman.com.ar\/index.php?rest_route=%2Fwp%2Fv2%2Fmedia&parent=60749"}],"wp:term":[{"taxonomy":"category","embeddable":true,"href":"https:\/\/masquenoticiastucuman.com.ar\/index.php?rest_route=%2Fwp%2Fv2%2Fcategories&post=60749"},{"taxonomy":"post_tag","embeddable":true,"href":"https:\/\/masquenoticiastucuman.com.ar\/index.php?rest_route=%2Fwp%2Fv2%2Ftags&post=60749"}],"curies":[{"name":"wp","href":"https:\/\/api.w.org\/{rel}","templated":true}]}}