{"id":60750,"date":"2026-04-17T13:25:44","date_gmt":"2026-04-17T16:25:44","guid":{"rendered":"http:\/\/masquenoticiastucuman.com.ar\/?p=60750"},"modified":"2026-04-17T13:25:44","modified_gmt":"2026-04-17T16:25:44","slug":"el-precio-de-la-soja-cayo-10-en-solo-dos-semanas-en-el-mercado-local-y-se-ubico-en-minimos-desde-de-julio-del-ano-pasado","status":"publish","type":"post","link":"https:\/\/masquenoticiastucuman.com.ar\/?p=60750","title":{"rendered":"El precio de la soja cay\u00f3 10% en solo dos semanas en el mercado local y se ubic\u00f3 en m\u00ednimos desde de julio del a\u00f1o pasado"},"content":{"rendered":"<ul>\n<li>Su valor se ubica en torno a los $430.000 la tonelada, un 22% por debajo del promedio para esta \u00e9poca del a\u00f1o si se ajusta por inflaci\u00f3n.<\/li>\n<li>En contraposici\u00f3n, el precio internacional de la harina de soja subi\u00f3 un 16% en lo que va del a\u00f1o.<\/li>\n<\/ul>\n<p>\u200bSu valor se ubica en torno a los $430.000 la tonelada, un 22% por debajo del promedio para esta \u00e9poca del a\u00f1o si se ajusta por inflaci\u00f3n.En contraposici\u00f3n, el precio internacional de la harina de soja subi\u00f3 un 16% en lo que va del a\u00f1o.\u00a0<a href=\"https:\/\/www.clarin.com\/rural\/precio-soja-cayo-10-solo-semanas-mercado-local-ubico-minimos-julio-ano-pasado_0_2s8LvZjkcZ.html\" target=\"_blank\" class=\"feedzy-rss-link-icon\">Read More<\/a><\/p>","protected":false},"excerpt":{"rendered":"<p>Su valor se ubica en torno a los $430.000 la tonelada, un 22% por debajo&#8230;<\/p>\n","protected":false},"author":1,"featured_media":0,"comment_status":"open","ping_status":"open","sticky":false,"template":"","format":"standard","meta":{"footnotes":""},"categories":[3],"tags":[],"class_list":["post-60750","post","type-post","status-publish","format-standard","has-post-thumbnail","hentry","category-nacionales"],"_links":{"self":[{"href":"https:\/\/masquenoticiastucuman.com.ar\/index.php?rest_route=\/wp\/v2\/posts\/60750","targetHints":{"allow":["GET"]}}],"collection":[{"href":"https:\/\/masquenoticiastucuman.com.ar\/index.php?rest_route=\/wp\/v2\/posts"}],"about":[{"href":"https:\/\/masquenoticiastucuman.com.ar\/index.php?rest_route=\/wp\/v2\/types\/post"}],"author":[{"embeddable":true,"href":"https:\/\/masquenoticiastucuman.com.ar\/index.php?rest_route=\/wp\/v2\/users\/1"}],"replies":[{"embeddable":true,"href":"https:\/\/masquenoticiastucuman.com.ar\/index.php?rest_route=%2Fwp%2Fv2%2Fcomments&post=60750"}],"version-history":[{"count":0,"href":"https:\/\/masquenoticiastucuman.com.ar\/index.php?rest_route=\/wp\/v2\/posts\/60750\/revisions"}],"wp:attachment":[{"href":"https:\/\/masquenoticiastucuman.com.ar\/index.php?rest_route=%2Fwp%2Fv2%2Fmedia&parent=60750"}],"wp:term":[{"taxonomy":"category","embeddable":true,"href":"https:\/\/masquenoticiastucuman.com.ar\/index.php?rest_route=%2Fwp%2Fv2%2Fcategories&post=60750"},{"taxonomy":"post_tag","embeddable":true,"href":"https:\/\/masquenoticiastucuman.com.ar\/index.php?rest_route=%2Fwp%2Fv2%2Ftags&post=60750"}],"curies":[{"name":"wp","href":"https:\/\/api.w.org\/{rel}","templated":true}]}}