{"id":60752,"date":"2026-04-17T13:40:19","date_gmt":"2026-04-17T16:40:19","guid":{"rendered":"http:\/\/masquenoticiastucuman.com.ar\/?p=60752"},"modified":"2026-04-17T13:40:19","modified_gmt":"2026-04-17T16:40:19","slug":"alto-el-fuego-en-libano-una-fragil-calma-y-miles-de-familias-que-vuelven-a-casa","status":"publish","type":"post","link":"https:\/\/masquenoticiastucuman.com.ar\/?p=60752","title":{"rendered":"Alto el fuego en L\u00edbano: una fr\u00e1gil calma y miles de familias que vuelven a casa"},"content":{"rendered":"<ul>\n<li>A primera hora de la ma\u00f1ana se registraron filas kilom\u00e9tricas en la ruta que conduce al sur.<\/li>\n<li>La \u00faltima guerra entre Israel y Hezbollah desplaz\u00f3 a m\u00e1s de un mill\u00f3n de personas.<\/li>\n<\/ul>\n<p>\u200bA primera hora de la ma\u00f1ana se registraron filas kilom\u00e9tricas en la ruta que conduce al sur.La \u00faltima guerra entre Israel y Hezbollah desplaz\u00f3 a m\u00e1s de un mill\u00f3n de personas.\u00a0<a href=\"https:\/\/www.clarin.com\/mundo\/alto-fuego-libano-fragil-calma-miles-familias-vuelven-casa_0_EudjJ3vEIg.html\" target=\"_blank\" class=\"feedzy-rss-link-icon\">Read More<\/a><\/p>","protected":false},"excerpt":{"rendered":"<p>A primera hora de la ma\u00f1ana se registraron filas kilom\u00e9tricas en la ruta que conduce&#8230;<\/p>\n","protected":false},"author":1,"featured_media":60753,"comment_status":"open","ping_status":"open","sticky":false,"template":"","format":"standard","meta":{"footnotes":""},"categories":[4],"tags":[],"class_list":["post-60752","post","type-post","status-publish","format-standard","has-post-thumbnail","hentry","category-internacionales"],"_links":{"self":[{"href":"https:\/\/masquenoticiastucuman.com.ar\/index.php?rest_route=\/wp\/v2\/posts\/60752","targetHints":{"allow":["GET"]}}],"collection":[{"href":"https:\/\/masquenoticiastucuman.com.ar\/index.php?rest_route=\/wp\/v2\/posts"}],"about":[{"href":"https:\/\/masquenoticiastucuman.com.ar\/index.php?rest_route=\/wp\/v2\/types\/post"}],"author":[{"embeddable":true,"href":"https:\/\/masquenoticiastucuman.com.ar\/index.php?rest_route=\/wp\/v2\/users\/1"}],"replies":[{"embeddable":true,"href":"https:\/\/masquenoticiastucuman.com.ar\/index.php?rest_route=%2Fwp%2Fv2%2Fcomments&post=60752"}],"version-history":[{"count":0,"href":"https:\/\/masquenoticiastucuman.com.ar\/index.php?rest_route=\/wp\/v2\/posts\/60752\/revisions"}],"wp:featuredmedia":[{"embeddable":true,"href":"https:\/\/masquenoticiastucuman.com.ar\/index.php?rest_route=\/wp\/v2\/media\/60753"}],"wp:attachment":[{"href":"https:\/\/masquenoticiastucuman.com.ar\/index.php?rest_route=%2Fwp%2Fv2%2Fmedia&parent=60752"}],"wp:term":[{"taxonomy":"category","embeddable":true,"href":"https:\/\/masquenoticiastucuman.com.ar\/index.php?rest_route=%2Fwp%2Fv2%2Fcategories&post=60752"},{"taxonomy":"post_tag","embeddable":true,"href":"https:\/\/masquenoticiastucuman.com.ar\/index.php?rest_route=%2Fwp%2Fv2%2Ftags&post=60752"}],"curies":[{"name":"wp","href":"https:\/\/api.w.org\/{rel}","templated":true}]}}