{"id":60756,"date":"2026-04-17T13:41:05","date_gmt":"2026-04-17T16:41:05","guid":{"rendered":"http:\/\/masquenoticiastucuman.com.ar\/?p=60756"},"modified":"2026-04-17T13:41:05","modified_gmt":"2026-04-17T16:41:05","slug":"alerta-seleccion-lionel-scaloni-figura-en-la-lista-de-candidatos-para-ser-dt-del-real-madrid-despues-del-mundial-2026","status":"publish","type":"post","link":"https:\/\/masquenoticiastucuman.com.ar\/?p=60756","title":{"rendered":"Alerta Selecci\u00f3n: Lionel Scaloni figura en la lista de candidatos para ser DT del Real Madrid despu\u00e9s del Mundial 2026"},"content":{"rendered":"<ul>\n<li>Los medios locales lo tienen dentro de un grupo donde aparece otro argentino.<\/li>\n<li>El mentor de la Scaloneta cumplir\u00e1 48 a\u00f1os en mayo y no est\u00e1 claro su futuro.<\/li>\n<li>El equipo blanco atraviesa una profunda crisis y cierra la temporada sin t\u00edtulos.<\/li>\n<\/ul>\n<p>\u200bLos medios locales lo tienen dentro de un grupo donde aparece otro argentino.El mentor de la Scaloneta cumplir\u00e1 48 a\u00f1os en mayo y no est\u00e1 claro su futuro.El equipo blanco atraviesa una profunda crisis y cierra la temporada sin t\u00edtulos.\u00a0<a href=\"https:\/\/www.clarin.com\/deportes\/alerta-seleccion-lionel-scaloni-lista-candidatos-convertirse-dt-real-madrid-despues-mundial-2026_0_1QqKHTUxfU.html\" target=\"_blank\" class=\"feedzy-rss-link-icon\">Read More<\/a><\/p>","protected":false},"excerpt":{"rendered":"<p>Los medios locales lo tienen dentro de un grupo donde aparece otro argentino. El mentor&#8230;<\/p>\n","protected":false},"author":1,"featured_media":0,"comment_status":"open","ping_status":"open","sticky":false,"template":"","format":"standard","meta":{"footnotes":""},"categories":[6],"tags":[],"class_list":["post-60756","post","type-post","status-publish","format-standard","has-post-thumbnail","hentry","category-deportes"],"_links":{"self":[{"href":"https:\/\/masquenoticiastucuman.com.ar\/index.php?rest_route=\/wp\/v2\/posts\/60756","targetHints":{"allow":["GET"]}}],"collection":[{"href":"https:\/\/masquenoticiastucuman.com.ar\/index.php?rest_route=\/wp\/v2\/posts"}],"about":[{"href":"https:\/\/masquenoticiastucuman.com.ar\/index.php?rest_route=\/wp\/v2\/types\/post"}],"author":[{"embeddable":true,"href":"https:\/\/masquenoticiastucuman.com.ar\/index.php?rest_route=\/wp\/v2\/users\/1"}],"replies":[{"embeddable":true,"href":"https:\/\/masquenoticiastucuman.com.ar\/index.php?rest_route=%2Fwp%2Fv2%2Fcomments&post=60756"}],"version-history":[{"count":0,"href":"https:\/\/masquenoticiastucuman.com.ar\/index.php?rest_route=\/wp\/v2\/posts\/60756\/revisions"}],"wp:attachment":[{"href":"https:\/\/masquenoticiastucuman.com.ar\/index.php?rest_route=%2Fwp%2Fv2%2Fmedia&parent=60756"}],"wp:term":[{"taxonomy":"category","embeddable":true,"href":"https:\/\/masquenoticiastucuman.com.ar\/index.php?rest_route=%2Fwp%2Fv2%2Fcategories&post=60756"},{"taxonomy":"post_tag","embeddable":true,"href":"https:\/\/masquenoticiastucuman.com.ar\/index.php?rest_route=%2Fwp%2Fv2%2Ftags&post=60756"}],"curies":[{"name":"wp","href":"https:\/\/api.w.org\/{rel}","templated":true}]}}