{"id":60758,"date":"2026-04-17T14:34:47","date_gmt":"2026-04-17T17:34:47","guid":{"rendered":"http:\/\/masquenoticiastucuman.com.ar\/?p=60758"},"modified":"2026-04-17T14:34:47","modified_gmt":"2026-04-17T17:34:47","slug":"fondo-para-despidos-aun-sin-letra-chica-la-cautelar-contra-la-reforma-laboral-pone-en-suspenso-el-inicio-del-esquema","status":"publish","type":"post","link":"https:\/\/masquenoticiastucuman.com.ar\/?p=60758","title":{"rendered":"Fondo para despidos: a\u00fan sin letra chica, la cautelar contra la reforma laboral pone en suspenso el inicio del esquema"},"content":{"rendered":"<ul>\n<li>La medida judicial que el Gobierno busca revertir en la Corte tambi\u00e9n impacto en el FAL cuando Econom\u00eda trabajaba en la reglamentaci\u00f3n.<\/li>\n<li>La ley permite que el arranque, previsto para el 1\u00b0 de junio, pueda posponerse seis meses.<\/li>\n<li>Dudas sobre la implementaci\u00f3n en micro empresas con pocos empleados.<\/li>\n<\/ul>\n<p>\u200bLa medida judicial que el Gobierno busca revertir en la Corte tambi\u00e9n impacto en el FAL cuando Econom\u00eda trabajaba en la reglamentaci\u00f3n.La ley permite que el arranque, previsto para el 1\u00b0 de junio, pueda posponerse seis meses.Dudas sobre la implementaci\u00f3n en micro empresas con pocos empleados.\u00a0<a href=\"https:\/\/www.clarin.com\/economia\/fondo-despidos-letra-chica-cautelar-reforma-laboral-pone-suspenso-inicio-esquema_0_DZHQh1I40w.html\" target=\"_blank\" class=\"feedzy-rss-link-icon\">Read More<\/a><\/p>","protected":false},"excerpt":{"rendered":"<p>La medida judicial que el Gobierno busca revertir en la Corte tambi\u00e9n impacto en el&#8230;<\/p>\n","protected":false},"author":1,"featured_media":0,"comment_status":"open","ping_status":"open","sticky":false,"template":"","format":"standard","meta":{"footnotes":""},"categories":[3],"tags":[],"class_list":["post-60758","post","type-post","status-publish","format-standard","has-post-thumbnail","hentry","category-nacionales"],"_links":{"self":[{"href":"https:\/\/masquenoticiastucuman.com.ar\/index.php?rest_route=\/wp\/v2\/posts\/60758","targetHints":{"allow":["GET"]}}],"collection":[{"href":"https:\/\/masquenoticiastucuman.com.ar\/index.php?rest_route=\/wp\/v2\/posts"}],"about":[{"href":"https:\/\/masquenoticiastucuman.com.ar\/index.php?rest_route=\/wp\/v2\/types\/post"}],"author":[{"embeddable":true,"href":"https:\/\/masquenoticiastucuman.com.ar\/index.php?rest_route=\/wp\/v2\/users\/1"}],"replies":[{"embeddable":true,"href":"https:\/\/masquenoticiastucuman.com.ar\/index.php?rest_route=%2Fwp%2Fv2%2Fcomments&post=60758"}],"version-history":[{"count":0,"href":"https:\/\/masquenoticiastucuman.com.ar\/index.php?rest_route=\/wp\/v2\/posts\/60758\/revisions"}],"wp:attachment":[{"href":"https:\/\/masquenoticiastucuman.com.ar\/index.php?rest_route=%2Fwp%2Fv2%2Fmedia&parent=60758"}],"wp:term":[{"taxonomy":"category","embeddable":true,"href":"https:\/\/masquenoticiastucuman.com.ar\/index.php?rest_route=%2Fwp%2Fv2%2Fcategories&post=60758"},{"taxonomy":"post_tag","embeddable":true,"href":"https:\/\/masquenoticiastucuman.com.ar\/index.php?rest_route=%2Fwp%2Fv2%2Ftags&post=60758"}],"curies":[{"name":"wp","href":"https:\/\/api.w.org\/{rel}","templated":true}]}}