{"id":60759,"date":"2026-04-17T14:47:44","date_gmt":"2026-04-17T17:47:44","guid":{"rendered":"http:\/\/masquenoticiastucuman.com.ar\/?p=60759"},"modified":"2026-04-17T14:47:44","modified_gmt":"2026-04-17T17:47:44","slug":"donald-trump-dice-que-ya-no-quedan-puntos-conflictivos-y-que-el-acuerdo-con-iran-esta-muy-cerca","status":"publish","type":"post","link":"https:\/\/masquenoticiastucuman.com.ar\/?p=60759","title":{"rendered":"Donald Trump dice que ya no quedan &#8220;puntos conflictivos&#8221; y que el acuerdo con Ir\u00e1n est\u00e1 &#8220;muy cerca&#8221;"},"content":{"rendered":"<ul>\n<li>El presidente de Estados Unidos elogi\u00f3 la apertura del Estrecho de Ormuz.<\/li>\n<li>Y reiter\u00f3 que pronto podr\u00eda celebrarse una segunda ronda de di\u00e1logo entre Washington y Teher\u00e1n. <\/li>\n<\/ul>\n<p>\u200bEl presidente de Estados Unidos elogi\u00f3 la apertura del Estrecho de Ormuz.Y reiter\u00f3 que pronto podr\u00eda celebrarse una segunda ronda de di\u00e1logo entre Washington y Teher\u00e1n.\u00a0<a href=\"https:\/\/www.clarin.com\/mundo\/donald-trump-dice-quedan-puntos-conflictivos-acuerdo-iran-cerca_0_dbIfyN48Q1.html\" target=\"_blank\" class=\"feedzy-rss-link-icon\">Read More<\/a><\/p>","protected":false},"excerpt":{"rendered":"<p>El presidente de Estados Unidos elogi\u00f3 la apertura del Estrecho de Ormuz. Y reiter\u00f3 que&#8230;<\/p>\n","protected":false},"author":1,"featured_media":60760,"comment_status":"open","ping_status":"open","sticky":false,"template":"","format":"standard","meta":{"footnotes":""},"categories":[4],"tags":[],"class_list":["post-60759","post","type-post","status-publish","format-standard","has-post-thumbnail","hentry","category-internacionales"],"_links":{"self":[{"href":"https:\/\/masquenoticiastucuman.com.ar\/index.php?rest_route=\/wp\/v2\/posts\/60759","targetHints":{"allow":["GET"]}}],"collection":[{"href":"https:\/\/masquenoticiastucuman.com.ar\/index.php?rest_route=\/wp\/v2\/posts"}],"about":[{"href":"https:\/\/masquenoticiastucuman.com.ar\/index.php?rest_route=\/wp\/v2\/types\/post"}],"author":[{"embeddable":true,"href":"https:\/\/masquenoticiastucuman.com.ar\/index.php?rest_route=\/wp\/v2\/users\/1"}],"replies":[{"embeddable":true,"href":"https:\/\/masquenoticiastucuman.com.ar\/index.php?rest_route=%2Fwp%2Fv2%2Fcomments&post=60759"}],"version-history":[{"count":0,"href":"https:\/\/masquenoticiastucuman.com.ar\/index.php?rest_route=\/wp\/v2\/posts\/60759\/revisions"}],"wp:featuredmedia":[{"embeddable":true,"href":"https:\/\/masquenoticiastucuman.com.ar\/index.php?rest_route=\/wp\/v2\/media\/60760"}],"wp:attachment":[{"href":"https:\/\/masquenoticiastucuman.com.ar\/index.php?rest_route=%2Fwp%2Fv2%2Fmedia&parent=60759"}],"wp:term":[{"taxonomy":"category","embeddable":true,"href":"https:\/\/masquenoticiastucuman.com.ar\/index.php?rest_route=%2Fwp%2Fv2%2Fcategories&post=60759"},{"taxonomy":"post_tag","embeddable":true,"href":"https:\/\/masquenoticiastucuman.com.ar\/index.php?rest_route=%2Fwp%2Fv2%2Ftags&post=60759"}],"curies":[{"name":"wp","href":"https:\/\/api.w.org\/{rel}","templated":true}]}}