{"id":60768,"date":"2026-04-17T18:38:35","date_gmt":"2026-04-17T21:38:35","guid":{"rendered":"http:\/\/masquenoticiastucuman.com.ar\/?p=60768"},"modified":"2026-04-17T18:38:35","modified_gmt":"2026-04-17T21:38:35","slug":"una-por-una-las-rutas-nacionales-habilitadas-a-cobrar-peaje-tras-el-decreto-del-gobierno","status":"publish","type":"post","link":"https:\/\/masquenoticiastucuman.com.ar\/?p=60768","title":{"rendered":"Una por una, las rutas nacionales habilitadas a cobrar peaje tras el decreto del Gobierno"},"content":{"rendered":"<ul>\n<li>Est\u00e1n en nueve provincias y fueron acordadas entre Naci\u00f3n y los gobernadores.<\/li>\n<li>Est\u00e1n en C\u00f3rdoba, Santa Fe, R\u00edo Negro, Neuqu\u00e9n, Santa Cruz, Corrientes, Mendoza, San Luis y San Juan.<\/li>\n<\/ul>\n<p>\u200bEst\u00e1n en nueve provincias y fueron acordadas entre Naci\u00f3n y los gobernadores.Est\u00e1n en C\u00f3rdoba, Santa Fe, R\u00edo Negro, Neuqu\u00e9n, Santa Cruz, Corrientes, Mendoza, San Luis y San Juan.\u00a0<a href=\"https:\/\/www.clarin.com\/economia\/rutas-nacionales-habilitadas-cobrar-peaje-decreto-gobierno_0_SO6Mxc8yp6.html\" target=\"_blank\" class=\"feedzy-rss-link-icon\">Read More<\/a><\/p>","protected":false},"excerpt":{"rendered":"<p>Est\u00e1n en nueve provincias y fueron acordadas entre Naci\u00f3n y los gobernadores. Est\u00e1n en C\u00f3rdoba,&#8230;<\/p>\n","protected":false},"author":1,"featured_media":0,"comment_status":"open","ping_status":"open","sticky":false,"template":"","format":"standard","meta":{"footnotes":""},"categories":[3],"tags":[],"class_list":["post-60768","post","type-post","status-publish","format-standard","has-post-thumbnail","hentry","category-nacionales"],"_links":{"self":[{"href":"https:\/\/masquenoticiastucuman.com.ar\/index.php?rest_route=\/wp\/v2\/posts\/60768","targetHints":{"allow":["GET"]}}],"collection":[{"href":"https:\/\/masquenoticiastucuman.com.ar\/index.php?rest_route=\/wp\/v2\/posts"}],"about":[{"href":"https:\/\/masquenoticiastucuman.com.ar\/index.php?rest_route=\/wp\/v2\/types\/post"}],"author":[{"embeddable":true,"href":"https:\/\/masquenoticiastucuman.com.ar\/index.php?rest_route=\/wp\/v2\/users\/1"}],"replies":[{"embeddable":true,"href":"https:\/\/masquenoticiastucuman.com.ar\/index.php?rest_route=%2Fwp%2Fv2%2Fcomments&post=60768"}],"version-history":[{"count":0,"href":"https:\/\/masquenoticiastucuman.com.ar\/index.php?rest_route=\/wp\/v2\/posts\/60768\/revisions"}],"wp:attachment":[{"href":"https:\/\/masquenoticiastucuman.com.ar\/index.php?rest_route=%2Fwp%2Fv2%2Fmedia&parent=60768"}],"wp:term":[{"taxonomy":"category","embeddable":true,"href":"https:\/\/masquenoticiastucuman.com.ar\/index.php?rest_route=%2Fwp%2Fv2%2Fcategories&post=60768"},{"taxonomy":"post_tag","embeddable":true,"href":"https:\/\/masquenoticiastucuman.com.ar\/index.php?rest_route=%2Fwp%2Fv2%2Ftags&post=60768"}],"curies":[{"name":"wp","href":"https:\/\/api.w.org\/{rel}","templated":true}]}}