{"id":60769,"date":"2026-04-17T18:00:56","date_gmt":"2026-04-17T21:00:56","guid":{"rendered":"http:\/\/masquenoticiastucuman.com.ar\/?p=60769"},"modified":"2026-04-17T18:00:56","modified_gmt":"2026-04-17T21:00:56","slug":"alivio-y-cautela-en-europa-por-la-apertura-de-ormuz-cuando-le-queda-poco-combustible-para-aviones","status":"publish","type":"post","link":"https:\/\/masquenoticiastucuman.com.ar\/?p=60769","title":{"rendered":"Alivio y cautela en Europa por la apertura de Ormuz, cuando le queda poco combustible para aviones"},"content":{"rendered":"<ul>\n<li>Por ahora le alcanza para seis semanas.<\/li>\n<li>Pero si vuelve a bloquearse ese paso fundamental para el transporte de petr\u00f3leo, las aerol\u00edneas europeas no tendr\u00e1n suficiente combustible para volar.<\/li>\n<\/ul>\n<p>\u200bPor ahora le alcanza para seis semanas.Pero si vuelve a bloquearse ese paso fundamental para el transporte de petr\u00f3leo, las aerol\u00edneas europeas no tendr\u00e1n suficiente combustible para volar.\u00a0<a href=\"https:\/\/www.clarin.com\/mundo\/alivio-cautela-europa-apertura-ormuz-queda-combustible-aviones_0_ietzWGIQyG.html\" target=\"_blank\" class=\"feedzy-rss-link-icon\">Read More<\/a><\/p>","protected":false},"excerpt":{"rendered":"<p>Por ahora le alcanza para seis semanas. Pero si vuelve a bloquearse ese paso fundamental&#8230;<\/p>\n","protected":false},"author":1,"featured_media":60770,"comment_status":"open","ping_status":"open","sticky":false,"template":"","format":"standard","meta":{"footnotes":""},"categories":[4],"tags":[],"class_list":["post-60769","post","type-post","status-publish","format-standard","has-post-thumbnail","hentry","category-internacionales"],"_links":{"self":[{"href":"https:\/\/masquenoticiastucuman.com.ar\/index.php?rest_route=\/wp\/v2\/posts\/60769","targetHints":{"allow":["GET"]}}],"collection":[{"href":"https:\/\/masquenoticiastucuman.com.ar\/index.php?rest_route=\/wp\/v2\/posts"}],"about":[{"href":"https:\/\/masquenoticiastucuman.com.ar\/index.php?rest_route=\/wp\/v2\/types\/post"}],"author":[{"embeddable":true,"href":"https:\/\/masquenoticiastucuman.com.ar\/index.php?rest_route=\/wp\/v2\/users\/1"}],"replies":[{"embeddable":true,"href":"https:\/\/masquenoticiastucuman.com.ar\/index.php?rest_route=%2Fwp%2Fv2%2Fcomments&post=60769"}],"version-history":[{"count":0,"href":"https:\/\/masquenoticiastucuman.com.ar\/index.php?rest_route=\/wp\/v2\/posts\/60769\/revisions"}],"wp:featuredmedia":[{"embeddable":true,"href":"https:\/\/masquenoticiastucuman.com.ar\/index.php?rest_route=\/wp\/v2\/media\/60770"}],"wp:attachment":[{"href":"https:\/\/masquenoticiastucuman.com.ar\/index.php?rest_route=%2Fwp%2Fv2%2Fmedia&parent=60769"}],"wp:term":[{"taxonomy":"category","embeddable":true,"href":"https:\/\/masquenoticiastucuman.com.ar\/index.php?rest_route=%2Fwp%2Fv2%2Fcategories&post=60769"},{"taxonomy":"post_tag","embeddable":true,"href":"https:\/\/masquenoticiastucuman.com.ar\/index.php?rest_route=%2Fwp%2Fv2%2Ftags&post=60769"}],"curies":[{"name":"wp","href":"https:\/\/api.w.org\/{rel}","templated":true}]}}