{"id":60771,"date":"2026-04-17T19:35:16","date_gmt":"2026-04-17T22:35:16","guid":{"rendered":"http:\/\/masquenoticiastucuman.com.ar\/?p=60771"},"modified":"2026-04-17T19:35:16","modified_gmt":"2026-04-17T22:35:16","slug":"la-odisea-de-los-hinchas-de-platense-en-el-estadio-de-penarol-la-por-copa-libertadores-7-horas-encerrados-en-la-tribuna-que-valieron-la-pena","status":"publish","type":"post","link":"https:\/\/masquenoticiastucuman.com.ar\/?p=60771","title":{"rendered":"La odisea de los hinchas de Platense en el estadio de Pe\u00f1arol la por Copa Libertadores: 7 horas encerrados en la tribuna que valieron la pena"},"content":{"rendered":"<ul>\n<li>Los fan\u00e1ticos del Calamar vibraron en Uruguay con el triunfo hist\u00f3rico.<\/li>\n<li>Pero la seguridad uruguaya hab\u00eda dispuesto el ingreso obligatorio de los visitantes tres horas antes del inicio del partido.<\/li>\n<li>Los hinchas de Racing vivieron una situaci\u00f3n similar el a\u00f1o pasado.<\/li>\n<\/ul>\n<p>\u200bLos fan\u00e1ticos del Calamar vibraron en Uruguay con el triunfo hist\u00f3rico.Pero la seguridad uruguaya hab\u00eda dispuesto el ingreso obligatorio de los visitantes tres horas antes del inicio del partido.Los hinchas de Racing vivieron una situaci\u00f3n similar el a\u00f1o pasado.\u00a0<a href=\"https:\/\/www.clarin.com\/deportes\/odisea-hinchas-platense-estadio-penarol-copa-libertadores-7-horas-encerrados-tribuna-valieron-pena_0_ySc8ivKC5h.html\" target=\"_blank\" class=\"feedzy-rss-link-icon\">Read More<\/a><\/p>","protected":false},"excerpt":{"rendered":"<p>Los fan\u00e1ticos del Calamar vibraron en Uruguay con el triunfo hist\u00f3rico. Pero la seguridad uruguaya&#8230;<\/p>\n","protected":false},"author":1,"featured_media":0,"comment_status":"open","ping_status":"open","sticky":false,"template":"","format":"standard","meta":{"footnotes":""},"categories":[6],"tags":[],"class_list":["post-60771","post","type-post","status-publish","format-standard","has-post-thumbnail","hentry","category-deportes"],"_links":{"self":[{"href":"https:\/\/masquenoticiastucuman.com.ar\/index.php?rest_route=\/wp\/v2\/posts\/60771","targetHints":{"allow":["GET"]}}],"collection":[{"href":"https:\/\/masquenoticiastucuman.com.ar\/index.php?rest_route=\/wp\/v2\/posts"}],"about":[{"href":"https:\/\/masquenoticiastucuman.com.ar\/index.php?rest_route=\/wp\/v2\/types\/post"}],"author":[{"embeddable":true,"href":"https:\/\/masquenoticiastucuman.com.ar\/index.php?rest_route=\/wp\/v2\/users\/1"}],"replies":[{"embeddable":true,"href":"https:\/\/masquenoticiastucuman.com.ar\/index.php?rest_route=%2Fwp%2Fv2%2Fcomments&post=60771"}],"version-history":[{"count":0,"href":"https:\/\/masquenoticiastucuman.com.ar\/index.php?rest_route=\/wp\/v2\/posts\/60771\/revisions"}],"wp:attachment":[{"href":"https:\/\/masquenoticiastucuman.com.ar\/index.php?rest_route=%2Fwp%2Fv2%2Fmedia&parent=60771"}],"wp:term":[{"taxonomy":"category","embeddable":true,"href":"https:\/\/masquenoticiastucuman.com.ar\/index.php?rest_route=%2Fwp%2Fv2%2Fcategories&post=60771"},{"taxonomy":"post_tag","embeddable":true,"href":"https:\/\/masquenoticiastucuman.com.ar\/index.php?rest_route=%2Fwp%2Fv2%2Ftags&post=60771"}],"curies":[{"name":"wp","href":"https:\/\/api.w.org\/{rel}","templated":true}]}}