{"id":60772,"date":"2026-04-17T19:03:04","date_gmt":"2026-04-17T22:03:04","guid":{"rendered":"http:\/\/masquenoticiastucuman.com.ar\/?p=60772"},"modified":"2026-04-17T19:03:04","modified_gmt":"2026-04-17T22:03:04","slug":"nico-paz-metio-un-golazo-de-cabeza-pocas-veces-visto-pero-como-perdio-y-se-complico-en-la-serie-a","status":"publish","type":"post","link":"https:\/\/masquenoticiastucuman.com.ar\/?p=60772","title":{"rendered":"Nico Paz meti\u00f3 un golazo de cabeza pocas veces visto, pero Como perdi\u00f3 y se complic\u00f3 en la Serie A"},"content":{"rendered":"<ul>\n<li>El mediocampista argentino marc\u00f3 un tanto espectacular en la derrota 2-1 ante Sassuolo en Reggio Emilia.<\/li>\n<li>El futbolista de 21 a\u00f1os, seguido de cerca por Lionel Scaloni rumbo al Mundial 2026, volvi\u00f3 a destacarse en Italia.<\/li>\n<li>Con la ca\u00edda, Como dej\u00f3 pasar la chance de meterse en zona de Champions League.<\/li>\n<\/ul>\n<p>\u200bEl mediocampista argentino marc\u00f3 un tanto espectacular en la derrota 2-1 ante Sassuolo en Reggio Emilia.El futbolista de 21 a\u00f1os, seguido de cerca por Lionel Scaloni rumbo al Mundial 2026, volvi\u00f3 a destacarse en Italia.Con la ca\u00edda, Como dej\u00f3 pasar la chance de meterse en zona de Champions League.\u00a0<a href=\"https:\/\/www.clarin.com\/deportes\/nico-paz-metio-golazo-cabeza-pocas-veces-visto-perdio-complico-serie_0_ajRZqFfB61.html\" target=\"_blank\" class=\"feedzy-rss-link-icon\">Read More<\/a><\/p>","protected":false},"excerpt":{"rendered":"<p>El mediocampista argentino marc\u00f3 un tanto espectacular en la derrota 2-1 ante Sassuolo en Reggio&#8230;<\/p>\n","protected":false},"author":1,"featured_media":0,"comment_status":"open","ping_status":"open","sticky":false,"template":"","format":"standard","meta":{"footnotes":""},"categories":[6],"tags":[],"class_list":["post-60772","post","type-post","status-publish","format-standard","has-post-thumbnail","hentry","category-deportes"],"_links":{"self":[{"href":"https:\/\/masquenoticiastucuman.com.ar\/index.php?rest_route=\/wp\/v2\/posts\/60772","targetHints":{"allow":["GET"]}}],"collection":[{"href":"https:\/\/masquenoticiastucuman.com.ar\/index.php?rest_route=\/wp\/v2\/posts"}],"about":[{"href":"https:\/\/masquenoticiastucuman.com.ar\/index.php?rest_route=\/wp\/v2\/types\/post"}],"author":[{"embeddable":true,"href":"https:\/\/masquenoticiastucuman.com.ar\/index.php?rest_route=\/wp\/v2\/users\/1"}],"replies":[{"embeddable":true,"href":"https:\/\/masquenoticiastucuman.com.ar\/index.php?rest_route=%2Fwp%2Fv2%2Fcomments&post=60772"}],"version-history":[{"count":0,"href":"https:\/\/masquenoticiastucuman.com.ar\/index.php?rest_route=\/wp\/v2\/posts\/60772\/revisions"}],"wp:attachment":[{"href":"https:\/\/masquenoticiastucuman.com.ar\/index.php?rest_route=%2Fwp%2Fv2%2Fmedia&parent=60772"}],"wp:term":[{"taxonomy":"category","embeddable":true,"href":"https:\/\/masquenoticiastucuman.com.ar\/index.php?rest_route=%2Fwp%2Fv2%2Fcategories&post=60772"},{"taxonomy":"post_tag","embeddable":true,"href":"https:\/\/masquenoticiastucuman.com.ar\/index.php?rest_route=%2Fwp%2Fv2%2Ftags&post=60772"}],"curies":[{"name":"wp","href":"https:\/\/api.w.org\/{rel}","templated":true}]}}