{"id":60773,"date":"2026-04-17T19:45:52","date_gmt":"2026-04-17T22:45:52","guid":{"rendered":"http:\/\/masquenoticiastucuman.com.ar\/?p=60773"},"modified":"2026-04-17T19:45:52","modified_gmt":"2026-04-17T22:45:52","slug":"las-razones-detras-de-la-negativa-del-gobierno-al-reingreso-de-venezuela-en-el-mercosur","status":"publish","type":"post","link":"https:\/\/masquenoticiastucuman.com.ar\/?p=60773","title":{"rendered":"Las razones detr\u00e1s de la negativa del Gobierno al reingreso de Venezuela en el Mercosur"},"content":{"rendered":"<ul>\n<li>Es creciente el acercamiento del pa\u00eds caribe\u00f1o al bloque del que fue suspendido en 2017.<\/li>\n<li>El giro de Trump con Delcy Rodr\u00edguez y la potencial competencia petrolera de Venezuela con Argentina.<\/li>\n<\/ul>\n<p>\u200bEs creciente el acercamiento del pa\u00eds caribe\u00f1o al bloque del que fue suspendido en 2017.El giro de Trump con Delcy Rodr\u00edguez y la potencial competencia petrolera de Venezuela con Argentina.\u00a0<a href=\"https:\/\/www.clarin.com\/politica\/razones-detras-negativa-gobierno-reingreso-venezuela-mercosur_0_5PHmK2XHj4.html\" target=\"_blank\" class=\"feedzy-rss-link-icon\">Read More<\/a><\/p>","protected":false},"excerpt":{"rendered":"<p>Es creciente el acercamiento del pa\u00eds caribe\u00f1o al bloque del que fue suspendido en 2017&#8230;.<\/p>\n","protected":false},"author":1,"featured_media":0,"comment_status":"open","ping_status":"open","sticky":false,"template":"","format":"standard","meta":{"footnotes":""},"categories":[3],"tags":[],"class_list":["post-60773","post","type-post","status-publish","format-standard","has-post-thumbnail","hentry","category-nacionales"],"_links":{"self":[{"href":"https:\/\/masquenoticiastucuman.com.ar\/index.php?rest_route=\/wp\/v2\/posts\/60773","targetHints":{"allow":["GET"]}}],"collection":[{"href":"https:\/\/masquenoticiastucuman.com.ar\/index.php?rest_route=\/wp\/v2\/posts"}],"about":[{"href":"https:\/\/masquenoticiastucuman.com.ar\/index.php?rest_route=\/wp\/v2\/types\/post"}],"author":[{"embeddable":true,"href":"https:\/\/masquenoticiastucuman.com.ar\/index.php?rest_route=\/wp\/v2\/users\/1"}],"replies":[{"embeddable":true,"href":"https:\/\/masquenoticiastucuman.com.ar\/index.php?rest_route=%2Fwp%2Fv2%2Fcomments&post=60773"}],"version-history":[{"count":0,"href":"https:\/\/masquenoticiastucuman.com.ar\/index.php?rest_route=\/wp\/v2\/posts\/60773\/revisions"}],"wp:attachment":[{"href":"https:\/\/masquenoticiastucuman.com.ar\/index.php?rest_route=%2Fwp%2Fv2%2Fmedia&parent=60773"}],"wp:term":[{"taxonomy":"category","embeddable":true,"href":"https:\/\/masquenoticiastucuman.com.ar\/index.php?rest_route=%2Fwp%2Fv2%2Fcategories&post=60773"},{"taxonomy":"post_tag","embeddable":true,"href":"https:\/\/masquenoticiastucuman.com.ar\/index.php?rest_route=%2Fwp%2Fv2%2Ftags&post=60773"}],"curies":[{"name":"wp","href":"https:\/\/api.w.org\/{rel}","templated":true}]}}