{"id":60775,"date":"2026-04-17T20:55:49","date_gmt":"2026-04-17T23:55:49","guid":{"rendered":"http:\/\/masquenoticiastucuman.com.ar\/?p=60775"},"modified":"2026-04-17T20:55:49","modified_gmt":"2026-04-17T23:55:49","slug":"luis-caputo-y-kristalina-georgieva-se-reunieron-en-el-fmi-hay-una-relacion-de-confianza-dijo-el-ministro","status":"publish","type":"post","link":"https:\/\/masquenoticiastucuman.com.ar\/?p=60775","title":{"rendered":"Luis Caputo y Kristalina Georgieva se reunieron en el FMI: &#8220;Hay una relaci\u00f3n de confianza&#8221;, dijo el ministro"},"content":{"rendered":"<ul>\n<li>Se encontraron al finalizar la Asamblea del FMI en Washington. La directora del Fondo elogi\u00f3 &#8220;los logros&#8221; del Gobierno. <\/li>\n<li>Entusiasmo por la segunda revisi\u00f3n del programa que permitir\u00eda el desembolso de US$1.000 millones. <\/li>\n<\/ul>\n<p>\u200bSe encontraron al finalizar la Asamblea del FMI en Washington. La directora del Fondo elogi\u00f3 &#8220;los logros&#8221; del Gobierno. Entusiasmo por la segunda revisi\u00f3n del programa que permitir\u00eda el desembolso de US$1.000 millones.\u00a0<a href=\"https:\/\/www.clarin.com\/economia\/luis-caputo-kristalina-georgieva-reunieron-fmi-clima-distendido-acuerdo-programa_0_K6Jzqd4uaH.html\" target=\"_blank\" class=\"feedzy-rss-link-icon\">Read More<\/a><\/p>","protected":false},"excerpt":{"rendered":"<p>Se encontraron al finalizar la Asamblea del FMI en Washington. La directora del Fondo elogi\u00f3&#8230;<\/p>\n","protected":false},"author":1,"featured_media":0,"comment_status":"open","ping_status":"open","sticky":false,"template":"","format":"standard","meta":{"footnotes":""},"categories":[3],"tags":[],"class_list":["post-60775","post","type-post","status-publish","format-standard","has-post-thumbnail","hentry","category-nacionales"],"_links":{"self":[{"href":"https:\/\/masquenoticiastucuman.com.ar\/index.php?rest_route=\/wp\/v2\/posts\/60775","targetHints":{"allow":["GET"]}}],"collection":[{"href":"https:\/\/masquenoticiastucuman.com.ar\/index.php?rest_route=\/wp\/v2\/posts"}],"about":[{"href":"https:\/\/masquenoticiastucuman.com.ar\/index.php?rest_route=\/wp\/v2\/types\/post"}],"author":[{"embeddable":true,"href":"https:\/\/masquenoticiastucuman.com.ar\/index.php?rest_route=\/wp\/v2\/users\/1"}],"replies":[{"embeddable":true,"href":"https:\/\/masquenoticiastucuman.com.ar\/index.php?rest_route=%2Fwp%2Fv2%2Fcomments&post=60775"}],"version-history":[{"count":0,"href":"https:\/\/masquenoticiastucuman.com.ar\/index.php?rest_route=\/wp\/v2\/posts\/60775\/revisions"}],"wp:attachment":[{"href":"https:\/\/masquenoticiastucuman.com.ar\/index.php?rest_route=%2Fwp%2Fv2%2Fmedia&parent=60775"}],"wp:term":[{"taxonomy":"category","embeddable":true,"href":"https:\/\/masquenoticiastucuman.com.ar\/index.php?rest_route=%2Fwp%2Fv2%2Fcategories&post=60775"},{"taxonomy":"post_tag","embeddable":true,"href":"https:\/\/masquenoticiastucuman.com.ar\/index.php?rest_route=%2Fwp%2Fv2%2Ftags&post=60775"}],"curies":[{"name":"wp","href":"https:\/\/api.w.org\/{rel}","templated":true}]}}