{"id":60776,"date":"2026-04-17T22:28:58","date_gmt":"2026-04-18T01:28:58","guid":{"rendered":"http:\/\/masquenoticiastucuman.com.ar\/?p=60776"},"modified":"2026-04-17T22:28:58","modified_gmt":"2026-04-18T01:28:58","slug":"tras-la-reanudacion-del-paso-en-el-estrecho-de-ormuz-ee-uu-anuncio-el-levantamiento-temporal-de-la-mayoria-de-sanciones-contra-el-petroleo-ruso","status":"publish","type":"post","link":"https:\/\/masquenoticiastucuman.com.ar\/?p=60776","title":{"rendered":"Tras la reanudaci\u00f3n del paso en el Estrecho de Ormuz, EE.UU. anunci\u00f3 el levantamiento temporal de la mayor\u00eda de sanciones contra el petr\u00f3leo ruso"},"content":{"rendered":"<ul>\n<li>La decisi\u00f3n abarca a todas las operaciones relacionadas con el embarque y la entrega de petr\u00f3leo procedente de Rusia.<\/li>\n<li>La medida se aplicar\u00e1 hasta el 16 de mayo.<\/li>\n<\/ul>\n<p>\u200bLa decisi\u00f3n abarca a todas las operaciones relacionadas con el embarque y la entrega de petr\u00f3leo procedente de Rusia.La medida se aplicar\u00e1 hasta el 16 de mayo.\u00a0<a href=\"https:\/\/www.clarin.com\/mundo\/reanudacion-paso-estrecho-ormuz-eeuu-anuncio-levantamiento-temporal-mayoria-sanciones-petroleo-ruso_0_e5RGqto8LP.html\" target=\"_blank\" class=\"feedzy-rss-link-icon\">Read More<\/a><\/p>","protected":false},"excerpt":{"rendered":"<p>La decisi\u00f3n abarca a todas las operaciones relacionadas con el embarque y la entrega de&#8230;<\/p>\n","protected":false},"author":1,"featured_media":60777,"comment_status":"open","ping_status":"open","sticky":false,"template":"","format":"standard","meta":{"footnotes":""},"categories":[4],"tags":[],"class_list":["post-60776","post","type-post","status-publish","format-standard","has-post-thumbnail","hentry","category-internacionales"],"_links":{"self":[{"href":"https:\/\/masquenoticiastucuman.com.ar\/index.php?rest_route=\/wp\/v2\/posts\/60776","targetHints":{"allow":["GET"]}}],"collection":[{"href":"https:\/\/masquenoticiastucuman.com.ar\/index.php?rest_route=\/wp\/v2\/posts"}],"about":[{"href":"https:\/\/masquenoticiastucuman.com.ar\/index.php?rest_route=\/wp\/v2\/types\/post"}],"author":[{"embeddable":true,"href":"https:\/\/masquenoticiastucuman.com.ar\/index.php?rest_route=\/wp\/v2\/users\/1"}],"replies":[{"embeddable":true,"href":"https:\/\/masquenoticiastucuman.com.ar\/index.php?rest_route=%2Fwp%2Fv2%2Fcomments&post=60776"}],"version-history":[{"count":0,"href":"https:\/\/masquenoticiastucuman.com.ar\/index.php?rest_route=\/wp\/v2\/posts\/60776\/revisions"}],"wp:featuredmedia":[{"embeddable":true,"href":"https:\/\/masquenoticiastucuman.com.ar\/index.php?rest_route=\/wp\/v2\/media\/60777"}],"wp:attachment":[{"href":"https:\/\/masquenoticiastucuman.com.ar\/index.php?rest_route=%2Fwp%2Fv2%2Fmedia&parent=60776"}],"wp:term":[{"taxonomy":"category","embeddable":true,"href":"https:\/\/masquenoticiastucuman.com.ar\/index.php?rest_route=%2Fwp%2Fv2%2Fcategories&post=60776"},{"taxonomy":"post_tag","embeddable":true,"href":"https:\/\/masquenoticiastucuman.com.ar\/index.php?rest_route=%2Fwp%2Fv2%2Ftags&post=60776"}],"curies":[{"name":"wp","href":"https:\/\/api.w.org\/{rel}","templated":true}]}}