{"id":60779,"date":"2026-04-18T00:43:01","date_gmt":"2026-04-18T03:43:01","guid":{"rendered":"http:\/\/masquenoticiastucuman.com.ar\/?p=60779"},"modified":"2026-04-18T00:43:01","modified_gmt":"2026-04-18T03:43:01","slug":"brasil-y-por-lo-tanto-tambien-america-del-sur-cambiaran-inexorablemente-este-ano","status":"publish","type":"post","link":"https:\/\/masquenoticiastucuman.com.ar\/?p=60779","title":{"rendered":"Brasil y por lo tanto tambi\u00e9n Am\u00e9rica del Sur cambiar\u00e1n inexorablemente este a\u00f1o"},"content":{"rendered":"<p>En las cruciales elecciones de noviembre es cuando se decide a qu\u00e9 ritmo y en qu\u00e9 condiciones se realizar\u00e1 la forzosa reconversi\u00f3n de su industria.<\/p>\n<p>\u200bEn las cruciales elecciones de noviembre es cuando se decide a qu\u00e9 ritmo y en qu\u00e9 condiciones se realizar\u00e1 la forzosa reconversi\u00f3n de su industria.\u00a0<a href=\"https:\/\/www.clarin.com\/economia\/brasil-america-sur-cambiaran-inexorablemente-ano_0_RypznRznxd.html\" target=\"_blank\" class=\"feedzy-rss-link-icon\">Read More<\/a><\/p>","protected":false},"excerpt":{"rendered":"<p>En las cruciales elecciones de noviembre es cuando se decide a qu\u00e9 ritmo y en&#8230;<\/p>\n","protected":false},"author":1,"featured_media":0,"comment_status":"open","ping_status":"open","sticky":false,"template":"","format":"standard","meta":{"footnotes":""},"categories":[3],"tags":[],"class_list":["post-60779","post","type-post","status-publish","format-standard","has-post-thumbnail","hentry","category-nacionales"],"_links":{"self":[{"href":"https:\/\/masquenoticiastucuman.com.ar\/index.php?rest_route=\/wp\/v2\/posts\/60779","targetHints":{"allow":["GET"]}}],"collection":[{"href":"https:\/\/masquenoticiastucuman.com.ar\/index.php?rest_route=\/wp\/v2\/posts"}],"about":[{"href":"https:\/\/masquenoticiastucuman.com.ar\/index.php?rest_route=\/wp\/v2\/types\/post"}],"author":[{"embeddable":true,"href":"https:\/\/masquenoticiastucuman.com.ar\/index.php?rest_route=\/wp\/v2\/users\/1"}],"replies":[{"embeddable":true,"href":"https:\/\/masquenoticiastucuman.com.ar\/index.php?rest_route=%2Fwp%2Fv2%2Fcomments&post=60779"}],"version-history":[{"count":0,"href":"https:\/\/masquenoticiastucuman.com.ar\/index.php?rest_route=\/wp\/v2\/posts\/60779\/revisions"}],"wp:attachment":[{"href":"https:\/\/masquenoticiastucuman.com.ar\/index.php?rest_route=%2Fwp%2Fv2%2Fmedia&parent=60779"}],"wp:term":[{"taxonomy":"category","embeddable":true,"href":"https:\/\/masquenoticiastucuman.com.ar\/index.php?rest_route=%2Fwp%2Fv2%2Fcategories&post=60779"},{"taxonomy":"post_tag","embeddable":true,"href":"https:\/\/masquenoticiastucuman.com.ar\/index.php?rest_route=%2Fwp%2Fv2%2Ftags&post=60779"}],"curies":[{"name":"wp","href":"https:\/\/api.w.org\/{rel}","templated":true}]}}