{"id":60780,"date":"2026-04-18T02:25:16","date_gmt":"2026-04-18T05:25:16","guid":{"rendered":"http:\/\/masquenoticiastucuman.com.ar\/?p=60780"},"modified":"2026-04-18T02:25:16","modified_gmt":"2026-04-18T05:25:16","slug":"ricky-martin-agradecido-con-buenos-aires-convirtio-el-campo-argentino-de-polo-en-una-pista-de-baile-ustedes-son-mi-vicio","status":"publish","type":"post","link":"https:\/\/masquenoticiastucuman.com.ar\/?p=60780","title":{"rendered":"Ricky Martin, agradecido con Buenos Aires, convirti\u00f3 el Campo Argentino de Polo en una pista de baile: \u201cUstedes son mi vicio\u201d"},"content":{"rendered":"<ul>\n<li>El artista puertorrique\u00f1o volvi\u00f3 a la Argentina con una gira que lo llev\u00f3 por C\u00f3rdoba, Rosario y Buenos Aires, en una seguidilla de shows a puro ritmo.<\/li>\n<li>Con el Campo de Polo colmado, Ricky Martin abri\u00f3 su paso emocionado por la ciudad con una noche de hits, baile constante y un p\u00fablico entregado de principio a fin.<\/li>\n<\/ul>\n<p>\u200bEl artista puertorrique\u00f1o volvi\u00f3 a la Argentina con una gira que lo llev\u00f3 por C\u00f3rdoba, Rosario y Buenos Aires, en una seguidilla de shows a puro ritmo.Con el Campo de Polo colmado, Ricky Martin abri\u00f3 su paso emocionado por la ciudad con una noche de hits, baile constante y un p\u00fablico entregado de principio a fin.\u00a0<a href=\"https:\/\/www.clarin.com\/espectaculos\/ricky-martin-agradecido-buenos-aires-convirtio-campo-argentin-polo-pista-baile-ustedes-vicio_0_79jfRPUIHv.html\" target=\"_blank\" class=\"feedzy-rss-link-icon\">Read More<\/a><\/p>","protected":false},"excerpt":{"rendered":"<p>El artista puertorrique\u00f1o volvi\u00f3 a la Argentina con una gira que lo llev\u00f3 por C\u00f3rdoba,&#8230;<\/p>\n","protected":false},"author":1,"featured_media":0,"comment_status":"open","ping_status":"open","sticky":false,"template":"","format":"standard","meta":{"footnotes":""},"categories":[5],"tags":[],"class_list":["post-60780","post","type-post","status-publish","format-standard","has-post-thumbnail","hentry","category-espectaculo"],"_links":{"self":[{"href":"https:\/\/masquenoticiastucuman.com.ar\/index.php?rest_route=\/wp\/v2\/posts\/60780","targetHints":{"allow":["GET"]}}],"collection":[{"href":"https:\/\/masquenoticiastucuman.com.ar\/index.php?rest_route=\/wp\/v2\/posts"}],"about":[{"href":"https:\/\/masquenoticiastucuman.com.ar\/index.php?rest_route=\/wp\/v2\/types\/post"}],"author":[{"embeddable":true,"href":"https:\/\/masquenoticiastucuman.com.ar\/index.php?rest_route=\/wp\/v2\/users\/1"}],"replies":[{"embeddable":true,"href":"https:\/\/masquenoticiastucuman.com.ar\/index.php?rest_route=%2Fwp%2Fv2%2Fcomments&post=60780"}],"version-history":[{"count":0,"href":"https:\/\/masquenoticiastucuman.com.ar\/index.php?rest_route=\/wp\/v2\/posts\/60780\/revisions"}],"wp:attachment":[{"href":"https:\/\/masquenoticiastucuman.com.ar\/index.php?rest_route=%2Fwp%2Fv2%2Fmedia&parent=60780"}],"wp:term":[{"taxonomy":"category","embeddable":true,"href":"https:\/\/masquenoticiastucuman.com.ar\/index.php?rest_route=%2Fwp%2Fv2%2Fcategories&post=60780"},{"taxonomy":"post_tag","embeddable":true,"href":"https:\/\/masquenoticiastucuman.com.ar\/index.php?rest_route=%2Fwp%2Fv2%2Ftags&post=60780"}],"curies":[{"name":"wp","href":"https:\/\/api.w.org\/{rel}","templated":true}]}}