{"id":60782,"date":"2026-04-18T04:11:02","date_gmt":"2026-04-18T07:11:02","guid":{"rendered":"http:\/\/masquenoticiastucuman.com.ar\/?p=60782"},"modified":"2026-04-18T04:11:02","modified_gmt":"2026-04-18T07:11:02","slug":"ley-hojarasca-desregular-pero-no-tanto","status":"publish","type":"post","link":"https:\/\/masquenoticiastucuman.com.ar\/?p=60782","title":{"rendered":"Ley Hojarasca: desregular, pero no tanto"},"content":{"rendered":"<p>El oficialismo m\u00e1s r\u00edgido admite que el proyecto no puede pasar tal como lleg\u00f3 al Senado, y que tanto la ley de tierras como la de villas deber\u00e1n tener cambios sustanciales para ser aprobadas.<\/p>\n<p>\u200bEl oficialismo m\u00e1s r\u00edgido admite que el proyecto no puede pasar tal como lleg\u00f3 al Senado, y que tanto la ley de tierras como la de villas deber\u00e1n tener cambios sustanciales para ser aprobadas.\u00a0<a href=\"https:\/\/www.clarin.com\/economia\/ley-hojarasca-desregular_0_WerBlcSjoH.html\" target=\"_blank\" class=\"feedzy-rss-link-icon\">Read More<\/a><\/p>","protected":false},"excerpt":{"rendered":"<p>El oficialismo m\u00e1s r\u00edgido admite que el proyecto no puede pasar tal como lleg\u00f3 al&#8230;<\/p>\n","protected":false},"author":1,"featured_media":0,"comment_status":"open","ping_status":"open","sticky":false,"template":"","format":"standard","meta":{"footnotes":""},"categories":[3],"tags":[],"class_list":["post-60782","post","type-post","status-publish","format-standard","has-post-thumbnail","hentry","category-nacionales"],"_links":{"self":[{"href":"https:\/\/masquenoticiastucuman.com.ar\/index.php?rest_route=\/wp\/v2\/posts\/60782","targetHints":{"allow":["GET"]}}],"collection":[{"href":"https:\/\/masquenoticiastucuman.com.ar\/index.php?rest_route=\/wp\/v2\/posts"}],"about":[{"href":"https:\/\/masquenoticiastucuman.com.ar\/index.php?rest_route=\/wp\/v2\/types\/post"}],"author":[{"embeddable":true,"href":"https:\/\/masquenoticiastucuman.com.ar\/index.php?rest_route=\/wp\/v2\/users\/1"}],"replies":[{"embeddable":true,"href":"https:\/\/masquenoticiastucuman.com.ar\/index.php?rest_route=%2Fwp%2Fv2%2Fcomments&post=60782"}],"version-history":[{"count":0,"href":"https:\/\/masquenoticiastucuman.com.ar\/index.php?rest_route=\/wp\/v2\/posts\/60782\/revisions"}],"wp:attachment":[{"href":"https:\/\/masquenoticiastucuman.com.ar\/index.php?rest_route=%2Fwp%2Fv2%2Fmedia&parent=60782"}],"wp:term":[{"taxonomy":"category","embeddable":true,"href":"https:\/\/masquenoticiastucuman.com.ar\/index.php?rest_route=%2Fwp%2Fv2%2Fcategories&post=60782"},{"taxonomy":"post_tag","embeddable":true,"href":"https:\/\/masquenoticiastucuman.com.ar\/index.php?rest_route=%2Fwp%2Fv2%2Ftags&post=60782"}],"curies":[{"name":"wp","href":"https:\/\/api.w.org\/{rel}","templated":true}]}}