{"id":60788,"date":"2026-04-18T07:01:06","date_gmt":"2026-04-18T10:01:06","guid":{"rendered":"http:\/\/masquenoticiastucuman.com.ar\/?p=60788"},"modified":"2026-04-18T07:01:06","modified_gmt":"2026-04-18T10:01:06","slug":"fixture-de-argentina-en-el-mundial-2026-partidos-y-horarios-2","status":"publish","type":"post","link":"https:\/\/masquenoticiastucuman.com.ar\/?p=60788","title":{"rendered":"Fixture de Argentina en el Mundial 2026: partidos y horarios"},"content":{"rendered":"<ul>\n<li>La Selecci\u00f3n argentina ya conoce su calendario oficial para la fase de grupos de la Copa del Mundo.<\/li>\n<li>Cu\u00e1ndo juega, en qu\u00e9 ciudades lo har\u00e1 y cu\u00e1les son los estadios donde defender\u00e1 el t\u00edtulo.<\/li>\n<\/ul>\n<p>\u200bLa Selecci\u00f3n argentina ya conoce su calendario oficial para la fase de grupos de la Copa del Mundo.Cu\u00e1ndo juega, en qu\u00e9 ciudades lo har\u00e1 y cu\u00e1les son los estadios donde defender\u00e1 el t\u00edtulo.\u00a0<a href=\"https:\/\/www.clarin.com\/deportes\/fixture-argentina-mundial-2026-partidos-horarios_0_rsranbpJnQ.html\" target=\"_blank\" class=\"feedzy-rss-link-icon\">Read More<\/a><\/p>","protected":false},"excerpt":{"rendered":"<p>La Selecci\u00f3n argentina ya conoce su calendario oficial para la fase de grupos de la&#8230;<\/p>\n","protected":false},"author":1,"featured_media":0,"comment_status":"open","ping_status":"open","sticky":false,"template":"","format":"standard","meta":{"footnotes":""},"categories":[6],"tags":[],"class_list":["post-60788","post","type-post","status-publish","format-standard","has-post-thumbnail","hentry","category-deportes"],"_links":{"self":[{"href":"https:\/\/masquenoticiastucuman.com.ar\/index.php?rest_route=\/wp\/v2\/posts\/60788","targetHints":{"allow":["GET"]}}],"collection":[{"href":"https:\/\/masquenoticiastucuman.com.ar\/index.php?rest_route=\/wp\/v2\/posts"}],"about":[{"href":"https:\/\/masquenoticiastucuman.com.ar\/index.php?rest_route=\/wp\/v2\/types\/post"}],"author":[{"embeddable":true,"href":"https:\/\/masquenoticiastucuman.com.ar\/index.php?rest_route=\/wp\/v2\/users\/1"}],"replies":[{"embeddable":true,"href":"https:\/\/masquenoticiastucuman.com.ar\/index.php?rest_route=%2Fwp%2Fv2%2Fcomments&post=60788"}],"version-history":[{"count":0,"href":"https:\/\/masquenoticiastucuman.com.ar\/index.php?rest_route=\/wp\/v2\/posts\/60788\/revisions"}],"wp:attachment":[{"href":"https:\/\/masquenoticiastucuman.com.ar\/index.php?rest_route=%2Fwp%2Fv2%2Fmedia&parent=60788"}],"wp:term":[{"taxonomy":"category","embeddable":true,"href":"https:\/\/masquenoticiastucuman.com.ar\/index.php?rest_route=%2Fwp%2Fv2%2Fcategories&post=60788"},{"taxonomy":"post_tag","embeddable":true,"href":"https:\/\/masquenoticiastucuman.com.ar\/index.php?rest_route=%2Fwp%2Fv2%2Ftags&post=60788"}],"curies":[{"name":"wp","href":"https:\/\/api.w.org\/{rel}","templated":true}]}}