{"id":60789,"date":"2026-04-18T06:01:08","date_gmt":"2026-04-18T09:01:08","guid":{"rendered":"http:\/\/masquenoticiastucuman.com.ar\/?p=60789"},"modified":"2026-04-18T06:01:08","modified_gmt":"2026-04-18T09:01:08","slug":"del-potro-mano-a-mano-con-clarin-fue-duro-aceptar-que-mi-cuerpo-no-me-acompanaba-la-despedida-con-djokovic-me-dio-paz","status":"publish","type":"post","link":"https:\/\/masquenoticiastucuman.com.ar\/?p=60789","title":{"rendered":"Del Potro, mano a mano con Clar\u00edn: &#8220;Fue duro aceptar que mi cuerpo no me acompa\u00f1aba; la despedida con Djokovic me dio paz&#8221;"},"content":{"rendered":"<ul>\n<li>El tandilense, hoy embajador del Roland-Garros Junior Series, habl\u00f3 desde San Pablo antes del inicio del torneo juvenil. <\/li>\n<li>A coraz\u00f3n abierto, reflexion\u00f3 sobre el impacto de su retiro, el apoyo del serbio y c\u00f3mo logr\u00f3 volver a disfrutar del tenis.<\/li>\n<\/ul>\n<p>\u200bEl tandilense, hoy embajador del Roland-Garros Junior Series, habl\u00f3 desde San Pablo antes del inicio del torneo juvenil. A coraz\u00f3n abierto, reflexion\u00f3 sobre el impacto de su retiro, el apoyo del serbio y c\u00f3mo logr\u00f3 volver a disfrutar del tenis.\u00a0<a href=\"https:\/\/www.clarin.com\/deportes\/potro-mano-mano-clarin-duro-aceptar-cuerpo-acompanaba-despedida-djokovic-dio-paz_0_1DJgcyWk4R.html\" target=\"_blank\" class=\"feedzy-rss-link-icon\">Read More<\/a><\/p>","protected":false},"excerpt":{"rendered":"<p>El tandilense, hoy embajador del Roland-Garros Junior Series, habl\u00f3 desde San Pablo antes del inicio&#8230;<\/p>\n","protected":false},"author":1,"featured_media":0,"comment_status":"open","ping_status":"open","sticky":false,"template":"","format":"standard","meta":{"footnotes":""},"categories":[6],"tags":[],"class_list":["post-60789","post","type-post","status-publish","format-standard","has-post-thumbnail","hentry","category-deportes"],"_links":{"self":[{"href":"https:\/\/masquenoticiastucuman.com.ar\/index.php?rest_route=\/wp\/v2\/posts\/60789","targetHints":{"allow":["GET"]}}],"collection":[{"href":"https:\/\/masquenoticiastucuman.com.ar\/index.php?rest_route=\/wp\/v2\/posts"}],"about":[{"href":"https:\/\/masquenoticiastucuman.com.ar\/index.php?rest_route=\/wp\/v2\/types\/post"}],"author":[{"embeddable":true,"href":"https:\/\/masquenoticiastucuman.com.ar\/index.php?rest_route=\/wp\/v2\/users\/1"}],"replies":[{"embeddable":true,"href":"https:\/\/masquenoticiastucuman.com.ar\/index.php?rest_route=%2Fwp%2Fv2%2Fcomments&post=60789"}],"version-history":[{"count":0,"href":"https:\/\/masquenoticiastucuman.com.ar\/index.php?rest_route=\/wp\/v2\/posts\/60789\/revisions"}],"wp:attachment":[{"href":"https:\/\/masquenoticiastucuman.com.ar\/index.php?rest_route=%2Fwp%2Fv2%2Fmedia&parent=60789"}],"wp:term":[{"taxonomy":"category","embeddable":true,"href":"https:\/\/masquenoticiastucuman.com.ar\/index.php?rest_route=%2Fwp%2Fv2%2Fcategories&post=60789"},{"taxonomy":"post_tag","embeddable":true,"href":"https:\/\/masquenoticiastucuman.com.ar\/index.php?rest_route=%2Fwp%2Fv2%2Ftags&post=60789"}],"curies":[{"name":"wp","href":"https:\/\/api.w.org\/{rel}","templated":true}]}}