{"id":60791,"date":"2026-04-18T08:11:08","date_gmt":"2026-04-18T11:11:08","guid":{"rendered":"http:\/\/masquenoticiastucuman.com.ar\/?p=60791"},"modified":"2026-04-18T08:11:08","modified_gmt":"2026-04-18T11:11:08","slug":"cambios-en-empresas-marsh-untold-y-saint-gobain-renuevan-su-conduccion","status":"publish","type":"post","link":"https:\/\/masquenoticiastucuman.com.ar\/?p=60791","title":{"rendered":"Cambios en empresas: Marsh, Untold y Saint-Gobain renuevan su conducci\u00f3n"},"content":{"rendered":"<ul>\n<li>Tambi\u00e9n se registraron nombramientos en la Federaci\u00f3n de Leasing y Llorente y Cuenca.<\/li>\n<li>Cu\u00e1les son los nuevos desaf\u00edos que asumen.<\/li>\n<\/ul>\n<p>\u200bTambi\u00e9n se registraron nombramientos en la Federaci\u00f3n de Leasing y Llorente y Cuenca.Cu\u00e1les son los nuevos desaf\u00edos que asumen.\u00a0<a href=\"https:\/\/www.clarin.com\/economia\/cambios-empresas-marsh-untold-saint-gobain-renuevan-conduccion_0_hBPIU24C6s.html\" target=\"_blank\" class=\"feedzy-rss-link-icon\">Read More<\/a><\/p>","protected":false},"excerpt":{"rendered":"<p>Tambi\u00e9n se registraron nombramientos en la Federaci\u00f3n de Leasing y Llorente y Cuenca. Cu\u00e1les son&#8230;<\/p>\n","protected":false},"author":1,"featured_media":0,"comment_status":"open","ping_status":"open","sticky":false,"template":"","format":"standard","meta":{"footnotes":""},"categories":[3],"tags":[],"class_list":["post-60791","post","type-post","status-publish","format-standard","has-post-thumbnail","hentry","category-nacionales"],"_links":{"self":[{"href":"https:\/\/masquenoticiastucuman.com.ar\/index.php?rest_route=\/wp\/v2\/posts\/60791","targetHints":{"allow":["GET"]}}],"collection":[{"href":"https:\/\/masquenoticiastucuman.com.ar\/index.php?rest_route=\/wp\/v2\/posts"}],"about":[{"href":"https:\/\/masquenoticiastucuman.com.ar\/index.php?rest_route=\/wp\/v2\/types\/post"}],"author":[{"embeddable":true,"href":"https:\/\/masquenoticiastucuman.com.ar\/index.php?rest_route=\/wp\/v2\/users\/1"}],"replies":[{"embeddable":true,"href":"https:\/\/masquenoticiastucuman.com.ar\/index.php?rest_route=%2Fwp%2Fv2%2Fcomments&post=60791"}],"version-history":[{"count":0,"href":"https:\/\/masquenoticiastucuman.com.ar\/index.php?rest_route=\/wp\/v2\/posts\/60791\/revisions"}],"wp:attachment":[{"href":"https:\/\/masquenoticiastucuman.com.ar\/index.php?rest_route=%2Fwp%2Fv2%2Fmedia&parent=60791"}],"wp:term":[{"taxonomy":"category","embeddable":true,"href":"https:\/\/masquenoticiastucuman.com.ar\/index.php?rest_route=%2Fwp%2Fv2%2Fcategories&post=60791"},{"taxonomy":"post_tag","embeddable":true,"href":"https:\/\/masquenoticiastucuman.com.ar\/index.php?rest_route=%2Fwp%2Fv2%2Ftags&post=60791"}],"curies":[{"name":"wp","href":"https:\/\/api.w.org\/{rel}","templated":true}]}}