{"id":60792,"date":"2026-04-18T07:53:14","date_gmt":"2026-04-18T10:53:14","guid":{"rendered":"http:\/\/masquenoticiastucuman.com.ar\/?p=60792"},"modified":"2026-04-18T07:53:14","modified_gmt":"2026-04-18T10:53:14","slug":"guerra-entre-estados-unidos-israel-e-iran-en-vivo-en-un-imprevisto-giro-el-regimen-persa-asegura-que-cerro-otra-vez-el-estrecho-de-ormuz","status":"publish","type":"post","link":"https:\/\/masquenoticiastucuman.com.ar\/?p=60792","title":{"rendered":"Guerra entre Estados Unidos, Israel e Ir\u00e1n, EN VIVO: en un imprevisto giro, el r\u00e9gimen persa asegura que cerr\u00f3 otra vez el Estrecho de Ormuz"},"content":{"rendered":"<ul>\n<li>El estrat\u00e9gico paso para los barcos en el medio del Golfo P\u00e9rsico hab\u00eda sido reabierto el viernes por las autoridades iran\u00edes. La teocracia justific\u00f3 su repentina medida en que Trump se neg\u00f3 a levantar el bloqueo naval en la zona.<\/li>\n<li>Segu\u00ed todas las novedades sobre la guerra entre Estados Unidos, Israel e Ir\u00e1n en la cobertura minuto a minuto de Clar\u00edn.<\/li>\n<\/ul>\n<p>\u200bEl estrat\u00e9gico paso para los barcos en el medio del Golfo P\u00e9rsico hab\u00eda sido reabierto el viernes por las autoridades iran\u00edes. La teocracia justific\u00f3 su repentina medida en que Trump se neg\u00f3 a levantar el bloqueo naval en la zona.Segu\u00ed todas las novedades sobre la guerra entre Estados Unidos, Israel e Ir\u00e1n en la cobertura minuto a minuto de Clar\u00edn.\u00a0<a href=\"https:\/\/www.clarin.com\/mundo\/guerra-estados-unidos-israel-iran-vivo-imprevisto-giro-regimen-persa-asegura-cerro-vez-estrecho-ormuz_0_CWjXOBlCth.html\" target=\"_blank\" class=\"feedzy-rss-link-icon\">Read More<\/a><\/p>","protected":false},"excerpt":{"rendered":"<p>El estrat\u00e9gico paso para los barcos en el medio del Golfo P\u00e9rsico hab\u00eda sido reabierto&#8230;<\/p>\n","protected":false},"author":1,"featured_media":60793,"comment_status":"open","ping_status":"open","sticky":false,"template":"","format":"standard","meta":{"footnotes":""},"categories":[4],"tags":[],"class_list":["post-60792","post","type-post","status-publish","format-standard","has-post-thumbnail","hentry","category-internacionales"],"_links":{"self":[{"href":"https:\/\/masquenoticiastucuman.com.ar\/index.php?rest_route=\/wp\/v2\/posts\/60792","targetHints":{"allow":["GET"]}}],"collection":[{"href":"https:\/\/masquenoticiastucuman.com.ar\/index.php?rest_route=\/wp\/v2\/posts"}],"about":[{"href":"https:\/\/masquenoticiastucuman.com.ar\/index.php?rest_route=\/wp\/v2\/types\/post"}],"author":[{"embeddable":true,"href":"https:\/\/masquenoticiastucuman.com.ar\/index.php?rest_route=\/wp\/v2\/users\/1"}],"replies":[{"embeddable":true,"href":"https:\/\/masquenoticiastucuman.com.ar\/index.php?rest_route=%2Fwp%2Fv2%2Fcomments&post=60792"}],"version-history":[{"count":0,"href":"https:\/\/masquenoticiastucuman.com.ar\/index.php?rest_route=\/wp\/v2\/posts\/60792\/revisions"}],"wp:featuredmedia":[{"embeddable":true,"href":"https:\/\/masquenoticiastucuman.com.ar\/index.php?rest_route=\/wp\/v2\/media\/60793"}],"wp:attachment":[{"href":"https:\/\/masquenoticiastucuman.com.ar\/index.php?rest_route=%2Fwp%2Fv2%2Fmedia&parent=60792"}],"wp:term":[{"taxonomy":"category","embeddable":true,"href":"https:\/\/masquenoticiastucuman.com.ar\/index.php?rest_route=%2Fwp%2Fv2%2Fcategories&post=60792"},{"taxonomy":"post_tag","embeddable":true,"href":"https:\/\/masquenoticiastucuman.com.ar\/index.php?rest_route=%2Fwp%2Fv2%2Ftags&post=60792"}],"curies":[{"name":"wp","href":"https:\/\/api.w.org\/{rel}","templated":true}]}}