{"id":60796,"date":"2026-04-18T12:24:33","date_gmt":"2026-04-18T15:24:33","guid":{"rendered":"https:\/\/masquenoticiastucuman.com.ar\/?p=60796"},"modified":"2026-04-18T12:24:34","modified_gmt":"2026-04-18T15:24:34","slug":"jaldo-entrego-24-viviendas-en-amaicha-del-valle","status":"publish","type":"post","link":"https:\/\/masquenoticiastucuman.com.ar\/?p=60796","title":{"rendered":"Jaldo entreg\u00f3 24 viviendas en Amaicha del Valle"},"content":{"rendered":"\n<p>Las viviendas fueron construidas con mano de obra local y criterios sustentables, fortaleciendo el arraigo y la calidad de vida en la comunidad.<\/p>\n\n\n\n<p id=\"isPasted\">El gobernador<strong>&nbsp;Osvaldo Jaldo&nbsp;<\/strong>encabez\u00f3 hoy la entrega de 24 viviendas en el barrio \u201cPachamama\u201d, en la localidad de Amaicha del Valle. La obra fue ejecutada a trav\u00e9s del Subprograma Habitar Comunidad, una iniciativa que busca mejorar la calidad de vida mediante la construcci\u00f3n y ampliaci\u00f3n de viviendas en territorios con caracter\u00edsticas sociales y geogr\u00e1ficas particulares.&nbsp;<\/p>\n\n\n\n<figure class=\"wp-block-image size-large\"><img loading=\"lazy\" decoding=\"async\" width=\"1024\" height=\"682\" src=\"https:\/\/masquenoticiastucuman.com.ar\/wp-content\/uploads\/2026\/04\/260417195421_79772-1024x682.png\" alt=\"\" class=\"wp-image-60797\" srcset=\"https:\/\/masquenoticiastucuman.com.ar\/wp-content\/uploads\/2026\/04\/260417195421_79772-1024x682.png 1024w, https:\/\/masquenoticiastucuman.com.ar\/wp-content\/uploads\/2026\/04\/260417195421_79772-300x200.png 300w, https:\/\/masquenoticiastucuman.com.ar\/wp-content\/uploads\/2026\/04\/260417195421_79772-768x512.png 768w, https:\/\/masquenoticiastucuman.com.ar\/wp-content\/uploads\/2026\/04\/260417195421_79772.png 1280w\" sizes=\"auto, (max-width: 1024px) 100vw, 1024px\" \/><\/figure>\n\n\n\n<p>Del acto tambi\u00e9n particip\u00f3 el ministro del Interior,<strong>&nbsp;Dar\u00edo Monteros;<\/strong>&nbsp;de Obras P\u00fablicas,&nbsp;<strong>Marcelo Nazur;&nbsp;<\/strong>el secretario de Gobierno,<strong>&nbsp;Ra\u00fal Albarrac\u00edn;<\/strong>&nbsp;el interventor del IPVDU,&nbsp;<strong>Hugo Cabral;<\/strong>&nbsp;el subinterventor,&nbsp;<strong>Eloy del Pino;&nbsp;<\/strong>los comisionados comunales de Amaicha,&nbsp;<strong>Paul Caillou<\/strong>; de Colalo del Valle,&nbsp;<strong>Gustavo Morales<\/strong>; de El Mollar,<strong>&nbsp;Ram\u00f3n \u00c1vila;&nbsp;<\/strong>intendente&nbsp;<strong>Francisco Caliva;<\/strong>&nbsp;legisladora Sandra Figueroa; secretario de grandes comunas&nbsp;<strong>Marcelo Santill\u00e1n<\/strong>, entre otros.<\/p>\n\n\n\n<p>El proyecto se llev\u00f3 adelante de manera conjunta entre el Instituto Provincial de Vivienda y Desarrollo Urbano, el Ministerio del Interior y la comuna. Las 24 unidades habitacionales fueron previamente sorteadas y cuentan con adjudicatarios definidos, quienes hoy recibir\u00e1n formalmente las llaves de sus nuevos hogares.<\/p>\n\n\n\n<p>El conjunto de casas se ubica con acceso desde la Ruta Provincial N\u00ba 307 y dispone de una red vial interna compuesta por seis calles.<strong>&nbsp;El dise\u00f1o urbano fue planificado respetando las condiciones naturales del entorno, preservando la forestaci\u00f3n aut\u00f3ctona, la topograf\u00eda del terreno y el escurrimiento natural de las aguas pluviales.<\/strong><\/p>\n\n\n\n<p>Adem\u00e1s,<strong>&nbsp;las viviendas fueron concebidas bajo criterios de sustentabilidad ambiental y eficiencia energ\u00e9tica<\/strong>. En ese sentido, cada unidad cuenta con termotanques solares para la provisi\u00f3n de agua caliente, biodigestores individuales para el tratamiento de efluentes y sistemas que contribuyen a reducir la contaminaci\u00f3n del suelo. El dise\u00f1o tambi\u00e9n apunta a optimizar el consumo energ\u00e9tico, en l\u00ednea con una perspectiva de desarrollo m\u00e1s sustentable.<\/p>\n\n\n\n<p id=\"isPasted\">Jaldo coment\u00f3 que \u00abhoy entregamos viviendas que han sido construidas con materiales aut\u00f3ctonos como madera, piedra y lajas\u00bb.<\/p>\n\n\n\n<p>Respecto a la t\u00e9cnica constructiva y el entorno, el mandatario se\u00f1al\u00f3 que \u00abse utilizaron casas de adobe hechas de una manera especial, en una trabajo en conjunto con el Conicet. Son unidades que embellecen el paisaje, sin descuidar la est\u00e9tica que se debe mantener en esta zona. Tambi\u00e9n inauguramos el alumbrado p\u00fablico en el acceso a este barrio, al que acertadamente bautizaron \u2018Pachamama&#8217;\u00bb.<\/p>\n\n\n\n<p>Jaldo tambi\u00e9n vincul\u00f3 la entrega de viviendas con la estrategia de desarrollo regional. \u00abDesde que asumimos el 29 de octubre de 2023, fijamos una pol\u00edtica de desarrollo para el turismo en nuestros Valles Calchaqu\u00edes. No hay manera de lograrlo si no mejoramos la conectividad; por eso la reparaci\u00f3n de la Ruta 307 y el puente de Santa Mar\u00eda son claves. Hoy la ruta dej\u00f3 de ser un impedimento; tenemos conexi\u00f3n directa con las hermanas provincias de Catamarca y Salta\u00bb.<\/p>\n\n\n\n<figure class=\"wp-block-image size-full\"><img loading=\"lazy\" decoding=\"async\" width=\"800\" height=\"450\" src=\"https:\/\/masquenoticiastucuman.com.ar\/wp-content\/uploads\/2026\/04\/260417195853_83088.png\" alt=\"\" class=\"wp-image-60798\" srcset=\"https:\/\/masquenoticiastucuman.com.ar\/wp-content\/uploads\/2026\/04\/260417195853_83088.png 800w, https:\/\/masquenoticiastucuman.com.ar\/wp-content\/uploads\/2026\/04\/260417195853_83088-300x169.png 300w, https:\/\/masquenoticiastucuman.com.ar\/wp-content\/uploads\/2026\/04\/260417195853_83088-768x432.png 768w\" sizes=\"auto, (max-width: 800px) 100vw, 800px\" \/><\/figure>\n\n\n\n<p>El Gobernador resalt\u00f3 el trabajo conjunto en un contexto complejo, \u00aba las bellezas naturales las tenemos que acompa\u00f1ar con inversiones y pol\u00edticas claras, especialmente en los momentos dif\u00edciles que vive nuestra Patria. Trabajando en equipo con los comisionados y el intendente, hemos logrado en poco tiempo lo que en muchos a\u00f1os no se consigui\u00f3. Felicito a las 24 familias que hoy hicieron realidad el sue\u00f1o del techo propio; estas casas son para toda la vida y para sus descendientes\u00bb.<\/p>\n\n\n\n<p>Por su parte, Monteros manifest\u00f3 que \u00abentregamos 24 viviendas que transformar\u00e1n la vida de estas familias tucumanas. Es un orgullo que este barrio lleve el nombre de \u2018Pachamama\u2019, en honor a quien cuida nuestros Valles Calchaqu\u00edes\u00bb.<\/p>\n\n\n\n<p>Agreg\u00f3 que \u00abestas casas son el resultado de un esfuerzo conjunto con el Instituto de la Vivienda y el Ministerio de Obras P\u00fablicas, construidas con insumos locales de Amaicha y mano de obra especializada de la zona. Como dice el Gobernador, celebramos que hoy m\u00e1s familias tengan su techo propio\u00bb.<\/p>\n\n\n\n<p>Nazur dijo que \u00abestas casa vienen a reafirmar las pol\u00edticas del gobernador: los valles son primordial para el desarrollo de la provincia\u00bb. Agreg\u00f3 que se reflot\u00f3 la t\u00e9cnica ancestral del adobe\u00bb.<\/p>\n\n\n\n<p>Caillou manifest\u00f3 que \u00abse concret\u00f3 el sue\u00f1o de mucha gente. Como funcionario es un orgullo enorme cumplir con este trabajo\u00bb.<\/p>\n\n\n\n<p>En ese marco, el interventor del IPVyDU,&nbsp;<strong>Hugo Cabral,<\/strong>&nbsp;destac\u00f3 el car\u00e1cter innovador del emprendimiento y su impacto en la comunidad. \u201cEstamos muy complacidos, porque estamos viendo un modelo distinto de producci\u00f3n de vivienda, un modelo de vivienda sustentable, de armon\u00eda con el ambiente\u201d, se\u00f1al\u00f3.<\/p>\n\n\n\n<p>Cabral remarc\u00f3 que la implantaci\u00f3n del barrio respet\u00f3 \u00edntegramente el entorno natural. \u201cSe ha preservado todo el patrimonio forestal, los algarrobos, los cardones, la topograf\u00eda y el escurrimiento de aguas se da en forma natural, sin necesidad de grandes obras de infraestructura para desag\u00fces pluviales\u201d, explic\u00f3.<\/p>\n\n\n\n<p>Asimismo, subray\u00f3 el enfoque en eficiencia energ\u00e9tica: \u201cLas viviendas tienen un importante ahorro energ\u00e9tico, fueron pensadas con ese criterio\u201d, afirm\u00f3.<\/p>\n\n\n\n<p>Otro de los aspectos destacados es el uso de materiales locales y t\u00e9cnicas constructivas tradicionales combinadas con innovaci\u00f3n tecnol\u00f3gica. Seg\u00fan detall\u00f3 el funcionario, las casas fueron edificadas con adobe estabilizado \u2014desarrollado con asesoramiento de t\u00e9cnicos del CONICET\u2014, piedra bola, laja, madera y \u00e1ridos de la zona.<\/p>\n\n\n\n<p>El proyecto tambi\u00e9n tuvo un fuerte componente social, ya que incluy\u00f3 la capacitaci\u00f3n de j\u00f3venes de la comunidad. \u201cSe form\u00f3 a 100 j\u00f3venes de la localidad en la producci\u00f3n de adobe y en t\u00e9cnicas de construcci\u00f3n en tierra. Es una t\u00e9cnica tradicional que se complement\u00f3 con tecnolog\u00eda moderna\u201d, indic\u00f3 Cabral.<\/p>\n\n\n\n<p>\u201cComo resultado, tenemos un barrio que est\u00e1 en armon\u00eda con su entorno natural y que ofrece condiciones de confort admirables, gracias a los propios materiales utilizados\u201d, agreg\u00f3.<\/p>\n\n\n\n<p>El interventor tambi\u00e9n destac\u00f3 el sistema de saneamiento: \u201cCada vivienda cuenta con biodigestores individuales que permiten tratar los efluentes cloacales, que luego se reutilizan para riego\u201d, precis\u00f3, y consider\u00f3 que se trata de \u201cun modelo digno de replicarse\u201d.<\/p>\n\n\n\n<p>En esa l\u00ednea, hizo referencia al mensaje del Papa Francisco sobre el cuidado ambiental: \u201cHay que cuidar la casa com\u00fan y cambiar los modos de producci\u00f3n y consumo; este emprendimiento es un claro ejemplo de ese camino\u201d.<\/p>\n\n\n\n<p>Finalmente, Cabral adelant\u00f3 que se trabaja para replicar este tipo de iniciativas en otros puntos de la provincia. \u201cCada localidad tiene sus particularidades y recursos, y hay que desarrollar soluciones adaptadas a cada territorio y comunidad\u201d, concluy\u00f3.<\/p>\n\n\n\n<p id=\"isPasted\"><strong>La felicidad del techo propio<\/strong><\/p>\n\n\n\n<p>Mat\u00edas Pastrana, adjudicatario dijo que \u00abhace tiempo que esper\u00e1bamos la casita\u00bb.<\/p>\n\n\n\n<p>Grisela Marcial sostuvo que \u00abesto es algo inexplicable para mi y mi familia\u00bb.<\/p>\n\n\n\n<p>Beatriz del Valle Rodas expres\u00f3 que \u00abes una alegr\u00eda muy grande. Muy agradecida al gobierno por cumplir con los vecinos de Amaicha\u00bb.<\/p>\n","protected":false},"excerpt":{"rendered":"<p>Las viviendas fueron construidas con mano de obra local y criterios sustentables, fortaleciendo el arraigo&#8230;<\/p>\n","protected":false},"author":2,"featured_media":60799,"comment_status":"open","ping_status":"open","sticky":false,"template":"","format":"standard","meta":{"footnotes":""},"categories":[2],"tags":[],"class_list":["post-60796","post","type-post","status-publish","format-standard","has-post-thumbnail","hentry","category-locales"],"_links":{"self":[{"href":"https:\/\/masquenoticiastucuman.com.ar\/index.php?rest_route=\/wp\/v2\/posts\/60796","targetHints":{"allow":["GET"]}}],"collection":[{"href":"https:\/\/masquenoticiastucuman.com.ar\/index.php?rest_route=\/wp\/v2\/posts"}],"about":[{"href":"https:\/\/masquenoticiastucuman.com.ar\/index.php?rest_route=\/wp\/v2\/types\/post"}],"author":[{"embeddable":true,"href":"https:\/\/masquenoticiastucuman.com.ar\/index.php?rest_route=\/wp\/v2\/users\/2"}],"replies":[{"embeddable":true,"href":"https:\/\/masquenoticiastucuman.com.ar\/index.php?rest_route=%2Fwp%2Fv2%2Fcomments&post=60796"}],"version-history":[{"count":1,"href":"https:\/\/masquenoticiastucuman.com.ar\/index.php?rest_route=\/wp\/v2\/posts\/60796\/revisions"}],"predecessor-version":[{"id":60800,"href":"https:\/\/masquenoticiastucuman.com.ar\/index.php?rest_route=\/wp\/v2\/posts\/60796\/revisions\/60800"}],"wp:featuredmedia":[{"embeddable":true,"href":"https:\/\/masquenoticiastucuman.com.ar\/index.php?rest_route=\/wp\/v2\/media\/60799"}],"wp:attachment":[{"href":"https:\/\/masquenoticiastucuman.com.ar\/index.php?rest_route=%2Fwp%2Fv2%2Fmedia&parent=60796"}],"wp:term":[{"taxonomy":"category","embeddable":true,"href":"https:\/\/masquenoticiastucuman.com.ar\/index.php?rest_route=%2Fwp%2Fv2%2Fcategories&post=60796"},{"taxonomy":"post_tag","embeddable":true,"href":"https:\/\/masquenoticiastucuman.com.ar\/index.php?rest_route=%2Fwp%2Fv2%2Ftags&post=60796"}],"curies":[{"name":"wp","href":"https:\/\/api.w.org\/{rel}","templated":true}]}}