{"id":60801,"date":"2026-04-18T12:30:11","date_gmt":"2026-04-18T15:30:11","guid":{"rendered":"https:\/\/masquenoticiastucuman.com.ar\/?p=60801"},"modified":"2026-04-18T12:30:11","modified_gmt":"2026-04-18T15:30:11","slug":"demoran-al-padre-de-un-alumno-por-amenazas-en-una-escuela-de-la-capital","status":"publish","type":"post","link":"https:\/\/masquenoticiastucuman.com.ar\/?p=60801","title":{"rendered":"Demoran al padre de un alumno por amenazas en una escuela de la capital"},"content":{"rendered":"\n<p>La medida se concret\u00f3 tras una r\u00e1pida investigaci\u00f3n en el marco de una serie de intimidaciones difundidas recientemente en redes y grupos de WhatsApp.<\/p>\n\n\n\n<p id=\"isPasted\">La jefa de la Divisi\u00f3n Delitos Telem\u00e1ticos y Econ\u00f3micos, comisario principal<strong>&nbsp;Juana Estequi\u00f1o<\/strong>, explic\u00f3: \u201cComo es de p\u00fablico conocimiento, a partir del d\u00eda martes de esta semana, se ha empezado a publicar tanto en redes sociales, como en la prensa sobre amenazas que se estaban realizando en distintos establecimientos educativos\u201d.<\/p>\n\n\n\n<p>Asimismo, la comisario indic\u00f3 que las intimidaciones se registraron tanto en instituciones de la capital como del interior, lo que motiv\u00f3 el refuerzo de medidas de seguridad en los establecimientos por disposici\u00f3n del gobernador y de jefatura de Polic\u00eda, en conjunto con las tareas investigativas impulsadas por el Ministerio P\u00fablico Fiscal, a cargo de la doctora Mariana Rivadeneira, con el fin de lograr identificar a los responsables de estas amenazas.<\/p>\n\n\n\n<p>En cuanto a lo ocurrido este viernes, Estequi\u00f1o detall\u00f3: \u201cEn hora del mediod\u00eda aproximadamente fuimos alertados sobre una amenaza que se estaba realizando en un establecimiento educativo de la zona capital, especialmente de la zona sur. En este caso se hizo m\u00e1s r\u00e1pido la investigaci\u00f3n, en raz\u00f3n que la amenaza estaba viralizada por un grupo de WhatsApp de alumnos del establecimiento\u201d.<\/p>\n\n\n\n<p>\u201cEntonces se ha identificado el n\u00famero telef\u00f3nico, se identific\u00f3 al alumno y a posterior a su progenitor. Cuando se logr\u00f3 la identificaci\u00f3n de esta persona, se puso en conocimiento de la fiscal\u00eda que dispuso en forma inmediata la demora de esta persona\u201d, se\u00f1al\u00f3.<\/p>\n\n\n\n<blockquote class=\"wp-block-quote is-layout-flow wp-block-quote-is-layout-flow\">\n<blockquote class=\"wp-block-quote is-layout-flow wp-block-quote-is-layout-flow\">\n<p>Cabe destacar que el mi\u00e9rcoles el gobernador&nbsp;<strong>Osvaldo Jaldo<\/strong>&nbsp;firm\u00f3 decreto N.\u00ba 772\/7, mediante el cual se refuerzan las medidas de prevenci\u00f3n, control y sanci\u00f3n frente a situaciones de violencia, amenazas y alteraciones del orden p\u00fablico en establecimientos educativos de la provincia.<\/p>\n<\/blockquote>\n<\/blockquote>\n\n\n\n<p>Sobre &nbsp;las diligencias que se llevan a cabo, la jefa policial indic\u00f3 que es la primera persona demorada por estas amenazas realizadas en establecimientos educativos y que se va a continuar hasta lograr identificar a todas las personas que est\u00e1n involucradas en este tipo de amenazas. Y agreg\u00f3: \u201cActualmente la doctora Rivadeneira, junto con el equipo t\u00e9cnico de esta Divisi\u00f3n, est\u00e1n recorriendo algunos establecimientos educativos a los fines de recolectar evidencia para lograr identificar a los menores que hacen este tipo de amenazas y a sus progenitores\u201d.<\/p>\n\n\n\n<p>Adem\u00e1s, Estequi\u00f1o inform\u00f3 que, junto a la aprehensi\u00f3n del progenitor del menor involucrado, la Justicia dispuso el secuestro del tel\u00e9fono celular utilizado para emitir la amenaza.<\/p>\n","protected":false},"excerpt":{"rendered":"<p>La medida se concret\u00f3 tras una r\u00e1pida investigaci\u00f3n en el marco de una serie de&#8230;<\/p>\n","protected":false},"author":2,"featured_media":60802,"comment_status":"open","ping_status":"open","sticky":false,"template":"","format":"standard","meta":{"footnotes":""},"categories":[2],"tags":[],"class_list":["post-60801","post","type-post","status-publish","format-standard","has-post-thumbnail","hentry","category-locales"],"_links":{"self":[{"href":"https:\/\/masquenoticiastucuman.com.ar\/index.php?rest_route=\/wp\/v2\/posts\/60801","targetHints":{"allow":["GET"]}}],"collection":[{"href":"https:\/\/masquenoticiastucuman.com.ar\/index.php?rest_route=\/wp\/v2\/posts"}],"about":[{"href":"https:\/\/masquenoticiastucuman.com.ar\/index.php?rest_route=\/wp\/v2\/types\/post"}],"author":[{"embeddable":true,"href":"https:\/\/masquenoticiastucuman.com.ar\/index.php?rest_route=\/wp\/v2\/users\/2"}],"replies":[{"embeddable":true,"href":"https:\/\/masquenoticiastucuman.com.ar\/index.php?rest_route=%2Fwp%2Fv2%2Fcomments&post=60801"}],"version-history":[{"count":1,"href":"https:\/\/masquenoticiastucuman.com.ar\/index.php?rest_route=\/wp\/v2\/posts\/60801\/revisions"}],"predecessor-version":[{"id":60803,"href":"https:\/\/masquenoticiastucuman.com.ar\/index.php?rest_route=\/wp\/v2\/posts\/60801\/revisions\/60803"}],"wp:featuredmedia":[{"embeddable":true,"href":"https:\/\/masquenoticiastucuman.com.ar\/index.php?rest_route=\/wp\/v2\/media\/60802"}],"wp:attachment":[{"href":"https:\/\/masquenoticiastucuman.com.ar\/index.php?rest_route=%2Fwp%2Fv2%2Fmedia&parent=60801"}],"wp:term":[{"taxonomy":"category","embeddable":true,"href":"https:\/\/masquenoticiastucuman.com.ar\/index.php?rest_route=%2Fwp%2Fv2%2Fcategories&post=60801"},{"taxonomy":"post_tag","embeddable":true,"href":"https:\/\/masquenoticiastucuman.com.ar\/index.php?rest_route=%2Fwp%2Fv2%2Ftags&post=60801"}],"curies":[{"name":"wp","href":"https:\/\/api.w.org\/{rel}","templated":true}]}}