{"id":60804,"date":"2026-04-18T10:33:59","date_gmt":"2026-04-18T13:33:59","guid":{"rendered":"http:\/\/masquenoticiastucuman.com.ar\/?p=60804"},"modified":"2026-04-18T10:33:59","modified_gmt":"2026-04-18T13:33:59","slug":"fuertes-criticas-del-wall-street-journal-al-cambio-radical-de-milei-acusaciones-de-corrupcion-problemas-legales-y-malestar-economico","status":"publish","type":"post","link":"https:\/\/masquenoticiastucuman.com.ar\/?p=60804","title":{"rendered":"Fuertes cr\u00edticas del Wall Street Journal al &#8220;cambio radical&#8221; de Milei: &#8220;Acusaciones de corrupci\u00f3n, problemas legales y malestar econ\u00f3mico&#8221;"},"content":{"rendered":"<ul>\n<li>El diario estadounidense especializado en econom\u00eda y finanzas public\u00f3 un duro art\u00edculo en el analiz\u00f3 la coyuntura y las denuncias en su contra que atraviesa el gobierno argentino.<\/li>\n<li>La nota publicada por el peri\u00f3dico de Nueva York describe factores sobre Javier Milei que &#8220;representan una amenaza para su reelecci\u00f3n en 2027&#8221;.<\/li>\n<\/ul>\n<p>\u200bEl diario estadounidense especializado en econom\u00eda y finanzas public\u00f3 un duro art\u00edculo en el analiz\u00f3 la coyuntura y las denuncias en su contra que atraviesa el gobierno argentino.La nota publicada por el peri\u00f3dico de Nueva York describe factores sobre Javier Milei que &#8220;representan una amenaza para su reelecci\u00f3n en 2027&#8221;.\u00a0<a href=\"https:\/\/www.clarin.com\/economia\/fuertes-criticas-wall-street-journal-cambio-radical-milei-acusaciones-corrupcion-problemas-legales-malestar-economico_0_KL4KGtwPMa.html\" target=\"_blank\" class=\"feedzy-rss-link-icon\">Read More<\/a><\/p>","protected":false},"excerpt":{"rendered":"<p>El diario estadounidense especializado en econom\u00eda y finanzas public\u00f3 un duro art\u00edculo en el analiz\u00f3&#8230;<\/p>\n","protected":false},"author":1,"featured_media":0,"comment_status":"open","ping_status":"open","sticky":false,"template":"","format":"standard","meta":{"footnotes":""},"categories":[3],"tags":[],"class_list":["post-60804","post","type-post","status-publish","format-standard","has-post-thumbnail","hentry","category-nacionales"],"_links":{"self":[{"href":"https:\/\/masquenoticiastucuman.com.ar\/index.php?rest_route=\/wp\/v2\/posts\/60804","targetHints":{"allow":["GET"]}}],"collection":[{"href":"https:\/\/masquenoticiastucuman.com.ar\/index.php?rest_route=\/wp\/v2\/posts"}],"about":[{"href":"https:\/\/masquenoticiastucuman.com.ar\/index.php?rest_route=\/wp\/v2\/types\/post"}],"author":[{"embeddable":true,"href":"https:\/\/masquenoticiastucuman.com.ar\/index.php?rest_route=\/wp\/v2\/users\/1"}],"replies":[{"embeddable":true,"href":"https:\/\/masquenoticiastucuman.com.ar\/index.php?rest_route=%2Fwp%2Fv2%2Fcomments&post=60804"}],"version-history":[{"count":0,"href":"https:\/\/masquenoticiastucuman.com.ar\/index.php?rest_route=\/wp\/v2\/posts\/60804\/revisions"}],"wp:attachment":[{"href":"https:\/\/masquenoticiastucuman.com.ar\/index.php?rest_route=%2Fwp%2Fv2%2Fmedia&parent=60804"}],"wp:term":[{"taxonomy":"category","embeddable":true,"href":"https:\/\/masquenoticiastucuman.com.ar\/index.php?rest_route=%2Fwp%2Fv2%2Fcategories&post=60804"},{"taxonomy":"post_tag","embeddable":true,"href":"https:\/\/masquenoticiastucuman.com.ar\/index.php?rest_route=%2Fwp%2Fv2%2Ftags&post=60804"}],"curies":[{"name":"wp","href":"https:\/\/api.w.org\/{rel}","templated":true}]}}