{"id":60813,"date":"2026-04-18T12:34:19","date_gmt":"2026-04-18T15:34:19","guid":{"rendered":"http:\/\/masquenoticiastucuman.com.ar\/?p=60813"},"modified":"2026-04-18T12:34:19","modified_gmt":"2026-04-18T15:34:19","slug":"marie-louise-eta-hizo-historia-en-europa-debuto-en-union-berlin-y-es-la-primera-dt-mujer-en-las-cinco-grandes-ligas-aunque-no-pudo-festejar","status":"publish","type":"post","link":"https:\/\/masquenoticiastucuman.com.ar\/?p=60813","title":{"rendered":"Marie-Louise Eta hizo historia en Europa: debut\u00f3 en Union Berl\u00edn y es la primera DT mujer en las cinco grandes ligas, aunque no pudo festejar"},"content":{"rendered":"<ul>\n<li>Como local, el equipo de la capital alemana cay\u00f3 2-1 con Wolfsburgo por la Bundesliga.<\/li>\n<li>Fue el primer partido de la entrenadora de 34 a\u00f1os al frente del equipo berlin\u00e9s.<\/li>\n<li>La FIFA consider\u00f3 su designaci\u00f3n al frente del primer equipo masculino como &#8220;un avance para todo el deporte&#8221;.<\/li>\n<\/ul>\n<p>\u200bComo local, el equipo de la capital alemana cay\u00f3 2-1 con Wolfsburgo por la Bundesliga.Fue el primer partido de la entrenadora de 34 a\u00f1os al frente del equipo berlin\u00e9s.La FIFA consider\u00f3 su designaci\u00f3n al frente del primer equipo masculino como &#8220;un avance para todo el deporte&#8221;.\u00a0<a href=\"https:\/\/www.clarin.com\/deportes\/marie-louise-eta-hizo-historia-europa-debuto-union-berlin-primera-dt-mujer-grandes-ligas-pudo-festejar_0_w8UkuqWJZK.html\" target=\"_blank\" class=\"feedzy-rss-link-icon\">Read More<\/a><\/p>","protected":false},"excerpt":{"rendered":"<p>Como local, el equipo de la capital alemana cay\u00f3 2-1 con Wolfsburgo por la Bundesliga&#8230;.<\/p>\n","protected":false},"author":1,"featured_media":0,"comment_status":"open","ping_status":"open","sticky":false,"template":"","format":"standard","meta":{"footnotes":""},"categories":[6],"tags":[],"class_list":["post-60813","post","type-post","status-publish","format-standard","has-post-thumbnail","hentry","category-deportes"],"_links":{"self":[{"href":"https:\/\/masquenoticiastucuman.com.ar\/index.php?rest_route=\/wp\/v2\/posts\/60813","targetHints":{"allow":["GET"]}}],"collection":[{"href":"https:\/\/masquenoticiastucuman.com.ar\/index.php?rest_route=\/wp\/v2\/posts"}],"about":[{"href":"https:\/\/masquenoticiastucuman.com.ar\/index.php?rest_route=\/wp\/v2\/types\/post"}],"author":[{"embeddable":true,"href":"https:\/\/masquenoticiastucuman.com.ar\/index.php?rest_route=\/wp\/v2\/users\/1"}],"replies":[{"embeddable":true,"href":"https:\/\/masquenoticiastucuman.com.ar\/index.php?rest_route=%2Fwp%2Fv2%2Fcomments&post=60813"}],"version-history":[{"count":0,"href":"https:\/\/masquenoticiastucuman.com.ar\/index.php?rest_route=\/wp\/v2\/posts\/60813\/revisions"}],"wp:attachment":[{"href":"https:\/\/masquenoticiastucuman.com.ar\/index.php?rest_route=%2Fwp%2Fv2%2Fmedia&parent=60813"}],"wp:term":[{"taxonomy":"category","embeddable":true,"href":"https:\/\/masquenoticiastucuman.com.ar\/index.php?rest_route=%2Fwp%2Fv2%2Fcategories&post=60813"},{"taxonomy":"post_tag","embeddable":true,"href":"https:\/\/masquenoticiastucuman.com.ar\/index.php?rest_route=%2Fwp%2Fv2%2Ftags&post=60813"}],"curies":[{"name":"wp","href":"https:\/\/api.w.org\/{rel}","templated":true}]}}