{"id":60814,"date":"2026-04-18T12:19:08","date_gmt":"2026-04-18T15:19:08","guid":{"rendered":"http:\/\/masquenoticiastucuman.com.ar\/?p=60814"},"modified":"2026-04-18T12:19:08","modified_gmt":"2026-04-18T15:19:08","slug":"racing-avanza-con-las-obras-en-ezeiza-ya-supero-el-60-de-su-desarrollo-y-aspira-a-estrenar-su-predio-deportivo-en-el-segundo-semestre","status":"publish","type":"post","link":"https:\/\/masquenoticiastucuman.com.ar\/?p=60814","title":{"rendered":"Racing avanza con las obras en Ezeiza: ya super\u00f3 el 60% de su desarrollo y aspira a estrenar su predio deportivo en el segundo semestre"},"content":{"rendered":"<ul>\n<li>El presidente Diego Milito, dirigentes y asamble\u00edstas recorrieron el complejo que est\u00e1 ubicado a pasos de la Autopista Ricchieri.<\/li>\n<li>Cuenta con 33 hect\u00e1reas, tendr\u00e1 6 canchas, concentraci\u00f3n y un gimnasio de \u00faltima generaci\u00f3n, entre otras comodidades, para el plantel profesional.<\/li>\n<\/ul>\n<p>\u200bEl presidente Diego Milito, dirigentes y asamble\u00edstas recorrieron el complejo que est\u00e1 ubicado a pasos de la Autopista Ricchieri.Cuenta con 33 hect\u00e1reas, tendr\u00e1 6 canchas, concentraci\u00f3n y un gimnasio de \u00faltima generaci\u00f3n, entre otras comodidades, para el plantel profesional.\u00a0<a href=\"https:\/\/www.clarin.com\/deportes\/racing-avanza-obras-ezeiza-supero-60-desarrollo-aspira-estrenar-predio-deportivo-2027_0_WIOu5ZhWX8.html\" target=\"_blank\" class=\"feedzy-rss-link-icon\">Read More<\/a><\/p>","protected":false},"excerpt":{"rendered":"<p>El presidente Diego Milito, dirigentes y asamble\u00edstas recorrieron el complejo que est\u00e1 ubicado a pasos&#8230;<\/p>\n","protected":false},"author":1,"featured_media":0,"comment_status":"open","ping_status":"open","sticky":false,"template":"","format":"standard","meta":{"footnotes":""},"categories":[6],"tags":[],"class_list":["post-60814","post","type-post","status-publish","format-standard","has-post-thumbnail","hentry","category-deportes"],"_links":{"self":[{"href":"https:\/\/masquenoticiastucuman.com.ar\/index.php?rest_route=\/wp\/v2\/posts\/60814","targetHints":{"allow":["GET"]}}],"collection":[{"href":"https:\/\/masquenoticiastucuman.com.ar\/index.php?rest_route=\/wp\/v2\/posts"}],"about":[{"href":"https:\/\/masquenoticiastucuman.com.ar\/index.php?rest_route=\/wp\/v2\/types\/post"}],"author":[{"embeddable":true,"href":"https:\/\/masquenoticiastucuman.com.ar\/index.php?rest_route=\/wp\/v2\/users\/1"}],"replies":[{"embeddable":true,"href":"https:\/\/masquenoticiastucuman.com.ar\/index.php?rest_route=%2Fwp%2Fv2%2Fcomments&post=60814"}],"version-history":[{"count":0,"href":"https:\/\/masquenoticiastucuman.com.ar\/index.php?rest_route=\/wp\/v2\/posts\/60814\/revisions"}],"wp:attachment":[{"href":"https:\/\/masquenoticiastucuman.com.ar\/index.php?rest_route=%2Fwp%2Fv2%2Fmedia&parent=60814"}],"wp:term":[{"taxonomy":"category","embeddable":true,"href":"https:\/\/masquenoticiastucuman.com.ar\/index.php?rest_route=%2Fwp%2Fv2%2Fcategories&post=60814"},{"taxonomy":"post_tag","embeddable":true,"href":"https:\/\/masquenoticiastucuman.com.ar\/index.php?rest_route=%2Fwp%2Fv2%2Ftags&post=60814"}],"curies":[{"name":"wp","href":"https:\/\/api.w.org\/{rel}","templated":true}]}}