{"id":60819,"date":"2026-04-18T15:58:06","date_gmt":"2026-04-18T18:58:06","guid":{"rendered":"http:\/\/masquenoticiastucuman.com.ar\/?p=60819"},"modified":"2026-04-18T15:58:06","modified_gmt":"2026-04-18T18:58:06","slug":"el-papa-llega-a-angola-y-asegura-que-no-le-interesa-en-absoluto-debatir-con-donald-trump","status":"publish","type":"post","link":"https:\/\/masquenoticiastucuman.com.ar\/?p=60819","title":{"rendered":"El Papa llega a Angola y asegura que no le interesa &#8220;en absoluto&#8221; debatir con Donald Trump"},"content":{"rendered":"<ul>\n<li>Le\u00f3n XIV se despidi\u00f3 de Camer\u00fan con una misa masiva y continu\u00f3 con su gira de 11 d\u00edas por \u00c1frica. <\/li>\n<li>En el avi\u00f3n, se refiri\u00f3 a su choque verbal con el presidente de Estados Unidos y dijo que seguir\u00e1 predicando por la paz.<\/li>\n<\/ul>\n<p>\u200bLe\u00f3n XIV se despidi\u00f3 de Camer\u00fan con una misa masiva y continu\u00f3 con su gira de 11 d\u00edas por \u00c1frica. En el avi\u00f3n, se refiri\u00f3 a su choque verbal con el presidente de Estados Unidos y dijo que seguir\u00e1 predicando por la paz.\u00a0<a href=\"https:\/\/www.clarin.com\/mundo\/papa-llega-angola-asegura-interesa-absoluto-debatir-donald-trump_0_kSyIAyFoom.html\" target=\"_blank\" class=\"feedzy-rss-link-icon\">Read More<\/a><\/p>","protected":false},"excerpt":{"rendered":"<p>Le\u00f3n XIV se despidi\u00f3 de Camer\u00fan con una misa masiva y continu\u00f3 con su gira&#8230;<\/p>\n","protected":false},"author":1,"featured_media":60820,"comment_status":"open","ping_status":"open","sticky":false,"template":"","format":"standard","meta":{"footnotes":""},"categories":[4],"tags":[],"class_list":["post-60819","post","type-post","status-publish","format-standard","has-post-thumbnail","hentry","category-internacionales"],"_links":{"self":[{"href":"https:\/\/masquenoticiastucuman.com.ar\/index.php?rest_route=\/wp\/v2\/posts\/60819","targetHints":{"allow":["GET"]}}],"collection":[{"href":"https:\/\/masquenoticiastucuman.com.ar\/index.php?rest_route=\/wp\/v2\/posts"}],"about":[{"href":"https:\/\/masquenoticiastucuman.com.ar\/index.php?rest_route=\/wp\/v2\/types\/post"}],"author":[{"embeddable":true,"href":"https:\/\/masquenoticiastucuman.com.ar\/index.php?rest_route=\/wp\/v2\/users\/1"}],"replies":[{"embeddable":true,"href":"https:\/\/masquenoticiastucuman.com.ar\/index.php?rest_route=%2Fwp%2Fv2%2Fcomments&post=60819"}],"version-history":[{"count":0,"href":"https:\/\/masquenoticiastucuman.com.ar\/index.php?rest_route=\/wp\/v2\/posts\/60819\/revisions"}],"wp:featuredmedia":[{"embeddable":true,"href":"https:\/\/masquenoticiastucuman.com.ar\/index.php?rest_route=\/wp\/v2\/media\/60820"}],"wp:attachment":[{"href":"https:\/\/masquenoticiastucuman.com.ar\/index.php?rest_route=%2Fwp%2Fv2%2Fmedia&parent=60819"}],"wp:term":[{"taxonomy":"category","embeddable":true,"href":"https:\/\/masquenoticiastucuman.com.ar\/index.php?rest_route=%2Fwp%2Fv2%2Fcategories&post=60819"},{"taxonomy":"post_tag","embeddable":true,"href":"https:\/\/masquenoticiastucuman.com.ar\/index.php?rest_route=%2Fwp%2Fv2%2Ftags&post=60819"}],"curies":[{"name":"wp","href":"https:\/\/api.w.org\/{rel}","templated":true}]}}