{"id":60821,"date":"2026-04-18T16:14:16","date_gmt":"2026-04-18T19:14:16","guid":{"rendered":"http:\/\/masquenoticiastucuman.com.ar\/?p=60821"},"modified":"2026-04-18T16:14:16","modified_gmt":"2026-04-18T19:14:16","slug":"soledad-silveyra-hablo-sin-filtro-sobre-la-vejez-y-su-postura-sobre-la-eutanasia-estoy-cansada-de-poner-y-poner-garra","status":"publish","type":"post","link":"https:\/\/masquenoticiastucuman.com.ar\/?p=60821","title":{"rendered":"Soledad Silveyra habl\u00f3 sin filtro sobre la vejez y su postura sobre la eutanasia: \u201cEstoy cansada de poner y poner garra&#8221;"},"content":{"rendered":"<ul>\n<li>Dialog\u00f3 en una charla \u00edntima con Clar\u00edn por el estreno de <em>El \u00faltimo viaje a China<\/em>, el documental sobre China Zorrilla.<\/li>\n<li>Entre el cuerpo que duele y las ganas de no parar, reflexiona, entre risas y dolor, sobre por qu\u00e9 trabajar sigue siendo su sost\u00e9n.<\/li>\n<li>Su preocupaci\u00f3n por el estado de salud de Luis Brandoni<\/li>\n<\/ul>\n<p>\u200bDialog\u00f3 en una charla \u00edntima con Clar\u00edn por el estreno de El \u00faltimo viaje a China, el documental sobre China Zorrilla.Entre el cuerpo que duele y las ganas de no parar, reflexiona, entre risas y dolor, sobre por qu\u00e9 trabajar sigue siendo su sost\u00e9n.Su preocupaci\u00f3n por el estado de salud de Luis Brandoni\u00a0<a href=\"https:\/\/www.clarin.com\/espectaculos\/soledad-silveyra-hablo-filtro-vejez-postura-eutanasia-cansada-poner-poner-garra_0_NqfQ1T8Ora.html\" target=\"_blank\" class=\"feedzy-rss-link-icon\">Read More<\/a><\/p>","protected":false},"excerpt":{"rendered":"<p>Dialog\u00f3 en una charla \u00edntima con Clar\u00edn por el estreno de El \u00faltimo viaje a&#8230;<\/p>\n","protected":false},"author":1,"featured_media":0,"comment_status":"open","ping_status":"open","sticky":false,"template":"","format":"standard","meta":{"footnotes":""},"categories":[5],"tags":[],"class_list":["post-60821","post","type-post","status-publish","format-standard","has-post-thumbnail","hentry","category-espectaculo"],"_links":{"self":[{"href":"https:\/\/masquenoticiastucuman.com.ar\/index.php?rest_route=\/wp\/v2\/posts\/60821","targetHints":{"allow":["GET"]}}],"collection":[{"href":"https:\/\/masquenoticiastucuman.com.ar\/index.php?rest_route=\/wp\/v2\/posts"}],"about":[{"href":"https:\/\/masquenoticiastucuman.com.ar\/index.php?rest_route=\/wp\/v2\/types\/post"}],"author":[{"embeddable":true,"href":"https:\/\/masquenoticiastucuman.com.ar\/index.php?rest_route=\/wp\/v2\/users\/1"}],"replies":[{"embeddable":true,"href":"https:\/\/masquenoticiastucuman.com.ar\/index.php?rest_route=%2Fwp%2Fv2%2Fcomments&post=60821"}],"version-history":[{"count":0,"href":"https:\/\/masquenoticiastucuman.com.ar\/index.php?rest_route=\/wp\/v2\/posts\/60821\/revisions"}],"wp:attachment":[{"href":"https:\/\/masquenoticiastucuman.com.ar\/index.php?rest_route=%2Fwp%2Fv2%2Fmedia&parent=60821"}],"wp:term":[{"taxonomy":"category","embeddable":true,"href":"https:\/\/masquenoticiastucuman.com.ar\/index.php?rest_route=%2Fwp%2Fv2%2Fcategories&post=60821"},{"taxonomy":"post_tag","embeddable":true,"href":"https:\/\/masquenoticiastucuman.com.ar\/index.php?rest_route=%2Fwp%2Fv2%2Ftags&post=60821"}],"curies":[{"name":"wp","href":"https:\/\/api.w.org\/{rel}","templated":true}]}}