{"id":60823,"date":"2026-04-18T15:46:05","date_gmt":"2026-04-18T18:46:05","guid":{"rendered":"http:\/\/masquenoticiastucuman.com.ar\/?p=60823"},"modified":"2026-04-18T15:46:05","modified_gmt":"2026-04-18T18:46:05","slug":"tragedia-en-nurburgring-murio-el-piloto-juha-miettinen-tras-un-brutal-choque-multiple-que-involucro-siete-autos","status":"publish","type":"post","link":"https:\/\/masquenoticiastucuman.com.ar\/?p=60823","title":{"rendered":"Tragedia en N\u00fcrburgring: muri\u00f3 el piloto Juha Miettinen tras un brutal choque m\u00faltiple que involucr\u00f3 siete autos"},"content":{"rendered":"<ul>\n<li>Fue durante la carrera clasificatoria para la prueba. <\/li>\n<li>Los otros seis pilotos fueron trasladados a un centro m\u00e9dico<\/li>\n<li>Tambi\u00e9n participaba Max Verstappen, que regresaba al Nordschleife con un Mercedes AMG GT3.<\/li>\n<\/ul>\n<p>\u200bFue durante la carrera clasificatoria para la prueba. Los otros seis pilotos fueron trasladados a un centro m\u00e9dicoTambi\u00e9n participaba Max Verstappen, que regresaba al Nordschleife con un Mercedes AMG GT3.\u00a0<a href=\"https:\/\/www.clarin.com\/deportes\/tragedia-nurburgring-murio-piloto-juha-miettinen-brutal-choque-multiple-involucro-autos_0_TbCNgaV07V.html\" target=\"_blank\" class=\"feedzy-rss-link-icon\">Read More<\/a><\/p>","protected":false},"excerpt":{"rendered":"<p>Fue durante la carrera clasificatoria para la prueba. Los otros seis pilotos fueron trasladados a&#8230;<\/p>\n","protected":false},"author":1,"featured_media":0,"comment_status":"open","ping_status":"open","sticky":false,"template":"","format":"standard","meta":{"footnotes":""},"categories":[6],"tags":[],"class_list":["post-60823","post","type-post","status-publish","format-standard","has-post-thumbnail","hentry","category-deportes"],"_links":{"self":[{"href":"https:\/\/masquenoticiastucuman.com.ar\/index.php?rest_route=\/wp\/v2\/posts\/60823","targetHints":{"allow":["GET"]}}],"collection":[{"href":"https:\/\/masquenoticiastucuman.com.ar\/index.php?rest_route=\/wp\/v2\/posts"}],"about":[{"href":"https:\/\/masquenoticiastucuman.com.ar\/index.php?rest_route=\/wp\/v2\/types\/post"}],"author":[{"embeddable":true,"href":"https:\/\/masquenoticiastucuman.com.ar\/index.php?rest_route=\/wp\/v2\/users\/1"}],"replies":[{"embeddable":true,"href":"https:\/\/masquenoticiastucuman.com.ar\/index.php?rest_route=%2Fwp%2Fv2%2Fcomments&post=60823"}],"version-history":[{"count":0,"href":"https:\/\/masquenoticiastucuman.com.ar\/index.php?rest_route=\/wp\/v2\/posts\/60823\/revisions"}],"wp:attachment":[{"href":"https:\/\/masquenoticiastucuman.com.ar\/index.php?rest_route=%2Fwp%2Fv2%2Fmedia&parent=60823"}],"wp:term":[{"taxonomy":"category","embeddable":true,"href":"https:\/\/masquenoticiastucuman.com.ar\/index.php?rest_route=%2Fwp%2Fv2%2Fcategories&post=60823"},{"taxonomy":"post_tag","embeddable":true,"href":"https:\/\/masquenoticiastucuman.com.ar\/index.php?rest_route=%2Fwp%2Fv2%2Ftags&post=60823"}],"curies":[{"name":"wp","href":"https:\/\/api.w.org\/{rel}","templated":true}]}}