{"id":60824,"date":"2026-04-18T16:56:19","date_gmt":"2026-04-18T19:56:19","guid":{"rendered":"http:\/\/masquenoticiastucuman.com.ar\/?p=60824"},"modified":"2026-04-18T16:56:19","modified_gmt":"2026-04-18T19:56:19","slug":"luciano-laspina-mas-que-reformas-estructurales-argentina-necesita-acuerdos-politicos-basicos-para-construir-confianza","status":"publish","type":"post","link":"https:\/\/masquenoticiastucuman.com.ar\/?p=60824","title":{"rendered":"Luciano Laspina: &#8220;M\u00e1s que reformas estructurales, Argentina necesita acuerdos pol\u00edticos b\u00e1sicos para construir confianza\u201d"},"content":{"rendered":"<ul>\n<li>Para el economista y flamante director Ejecutivo del think tank de pol\u00edticas p\u00fablicas, Cippec, el gran desaf\u00edo es &#8220;encontrar una diagonal que pueda unir a las dos argentinas que se enfrentaron a lo largo de nuestra historia\u201d.<\/li>\n<li>Se\u00f1ala que los &#8220;cambios deben realizarse desde los cimientos y no desde las ruinas&#8221;.<\/li>\n<\/ul>\n<p>\u200bPara el economista y flamante director Ejecutivo del think tank de pol\u00edticas p\u00fablicas, Cippec, el gran desaf\u00edo es &#8220;encontrar una diagonal que pueda unir a las dos argentinas que se enfrentaron a lo largo de nuestra historia\u201d.Se\u00f1ala que los &#8220;cambios deben realizarse desde los cimientos y no desde las ruinas&#8221;.\u00a0<a href=\"https:\/\/www.clarin.com\/economia\/luciano-laspina-reformas-estructurales-argentina-necesita-acuerdos-politicos-basicos-construir-confianza_0_kieCO2EtUF.html\" target=\"_blank\" class=\"feedzy-rss-link-icon\">Read More<\/a><\/p>","protected":false},"excerpt":{"rendered":"<p>Para el economista y flamante director Ejecutivo del think tank de pol\u00edticas p\u00fablicas, Cippec, el&#8230;<\/p>\n","protected":false},"author":1,"featured_media":0,"comment_status":"open","ping_status":"open","sticky":false,"template":"","format":"standard","meta":{"footnotes":""},"categories":[3],"tags":[],"class_list":["post-60824","post","type-post","status-publish","format-standard","has-post-thumbnail","hentry","category-nacionales"],"_links":{"self":[{"href":"https:\/\/masquenoticiastucuman.com.ar\/index.php?rest_route=\/wp\/v2\/posts\/60824","targetHints":{"allow":["GET"]}}],"collection":[{"href":"https:\/\/masquenoticiastucuman.com.ar\/index.php?rest_route=\/wp\/v2\/posts"}],"about":[{"href":"https:\/\/masquenoticiastucuman.com.ar\/index.php?rest_route=\/wp\/v2\/types\/post"}],"author":[{"embeddable":true,"href":"https:\/\/masquenoticiastucuman.com.ar\/index.php?rest_route=\/wp\/v2\/users\/1"}],"replies":[{"embeddable":true,"href":"https:\/\/masquenoticiastucuman.com.ar\/index.php?rest_route=%2Fwp%2Fv2%2Fcomments&post=60824"}],"version-history":[{"count":0,"href":"https:\/\/masquenoticiastucuman.com.ar\/index.php?rest_route=\/wp\/v2\/posts\/60824\/revisions"}],"wp:attachment":[{"href":"https:\/\/masquenoticiastucuman.com.ar\/index.php?rest_route=%2Fwp%2Fv2%2Fmedia&parent=60824"}],"wp:term":[{"taxonomy":"category","embeddable":true,"href":"https:\/\/masquenoticiastucuman.com.ar\/index.php?rest_route=%2Fwp%2Fv2%2Fcategories&post=60824"},{"taxonomy":"post_tag","embeddable":true,"href":"https:\/\/masquenoticiastucuman.com.ar\/index.php?rest_route=%2Fwp%2Fv2%2Ftags&post=60824"}],"curies":[{"name":"wp","href":"https:\/\/api.w.org\/{rel}","templated":true}]}}